{"id":77541,"date":"2025-02-15T11:40:00","date_gmt":"2025-02-15T17:40:00","guid":{"rendered":"https:\/\/zonaroja.com.mx\/?p=77541"},"modified":"2025-02-15T07:47:48","modified_gmt":"2025-02-15T13:47:48","slug":"en-boda-colectiva-se-casan-74-parejas-en-santa-cruz-xococotlan","status":"publish","type":"post","link":"https:\/\/zonaroja.com.mx\/?p=77541","title":{"rendered":"En boda colectiva, se casan 74 parejas en Santa Cruz Xococotl\u00e1n"},"content":{"rendered":"\n<p>Redacci\u00f3n\/Zona Roja.<\/p>\n\n\n\n<p>Oaxaca de Ju\u00e1rez, Oax., a 15 de febrero de 2025. Con el prop\u00f3sito de fortalecer la uni\u00f3n familiar y brindar certeza jur\u00eddica a las parejas, el ayuntamiento de Santa Cruz Xoxocotl\u00e1n, en colaboraci\u00f3n con el Registro Civil estatal y el DIF municipal, llev\u00f3 a cabo la ceremonia de matrimonios colectivos, en el marco del D\u00eda del Amor y la Amistad.<\/p>\n\n\n\n<p>La presidenta municipal, Nancy Ben\u00edtez Z\u00e1rate, encabez\u00f3 el evento y dirigi\u00f3 un emotivo mensaje a las parejas contrayentes: \u201cahora sus alegr\u00edas, sus triunfos, sus preocupaciones y retos los podr\u00e1n compartir con quienes caminan a su lado. Juntos encontrar\u00e1n soluciones y har\u00e1n de su amor un lazo a\u00fan m\u00e1s fuerte, porque la familia, en todas sus formas, es la instituci\u00f3n m\u00e1s importante de nuestra sociedad\u201d.<\/p>\n\n\n\n<p>Ben\u00edtez Z\u00e1rate subray\u00f3 que este evento es un recordatorio del valor del compromiso y del amor verdadero, resaltando que, con acciones como esta, se construye un municipio m\u00e1s justo y unido. Asimismo, reiter\u00f3 el compromiso de su administraci\u00f3n en la preservaci\u00f3n de los valores familiares, fundamentales para el desarrollo social del municipio.<\/p>\n\n\n\n<p>El oficial del Registro Civil, Pedro Arturo V\u00e1zquez Esteban, fue el encargado de formalizar las uniones y destac\u00f3 la importancia legal del matrimonio civil como un acto que otorga derechos y responsabilidades a las parejas contrayentes.&nbsp;<\/p>\n\n\n\n<p>En la ceremonia, que cont\u00f3 con la intervenci\u00f3n de la agrupaci\u00f3n musical \u201cFrutos \u00c1cidos\u201d, las parejas cumplieron con todos los requisitos establecidos por el C\u00f3digo Civil del Estado de Oaxaca, recibiendo el respaldo del gobierno municipal para consolidar su relaci\u00f3n.<\/p>\n\n\n\n<p>El evento concluy\u00f3 con la entrega de actas de matrimonio a las 74 parejas que formalizaron su uni\u00f3n en un ambiente de celebraci\u00f3n y alegr\u00eda, reafirmando el compromiso del ayuntamiento de Santa Cruz Xoxocotl\u00e1n con el fortalecimiento de las familias y la cohesi\u00f3n social.<\/p>\n\n\n\n<figure class=\"wp-block-embed is-type-rich is-provider-twitter wp-block-embed-twitter\"><div class=\"wp-block-embed__wrapper\">\n<div class=\"twitter-tweet\"><blockquote class=\"twitter-tweet\" data-lang=\"es\"><p lang=\"es\" dir=\"ltr\">Este D\u00eda del Amor y la Amistad, 74 parejas formalizaron su uni\u00f3n en las Bodas Colectivas 2025 en nuestro municipio de Santa Cruz Xoxocotl\u00e1n. \ud83e\ude77<br><br>En coordinaci\u00f3n con el Sistema DIF Municipal de Santa Cruz Xoxocotl\u00e1n y el Registro Civil Estado de Oaxaca se realiz\u00f3 una ceremonia muy\u2026 <a href=\"https:\/\/t.co\/CGcLhiUpbO\">pic.twitter.com\/CGcLhiUpbO<\/a><\/p>&mdash; Nancy Ben\u00edtez (@Nancy_Benitez_) <a href=\"https:\/\/twitter.com\/Nancy_Benitez_\/status\/1890494378487009777?ref_src=twsrc%5Etfw\">14 de febrero de 2025<\/a><\/blockquote><\/div>\n<\/div><\/figure>\n\n\n\n<p>RESPALDO A NI\u00d1EZ<\/p>\n\n\n\n<p>En otro acto, y para fortalecer el derecho de las ni\u00f1as y ni\u00f1os al esparcimiento, juego y actividades recreativas, el ayuntamiento de Santa Cruz Xoxocotl\u00e1n a trav\u00e9s del DIF municipal impuls\u00f3 su participaci\u00f3n en el concurso Crea mi nombre, crea mi historia, as\u00ed como una funci\u00f3n especial en El Circo de Daniel Atayde.&nbsp;<\/p>\n\n\n\n<p>En un ambiente de alegr\u00eda y emoci\u00f3n, las ni\u00f1as y ni\u00f1os acompa\u00f1ados de sus familias disfrutaron de un espect\u00e1culo lleno de risas, asombro y diversi\u00f3n.&nbsp;<\/p>\n\n\n\n<p>Crea mi nombre, crea mi historia tiene la intenci\u00f3n de que las ni\u00f1as y ni\u00f1os dibujen y propongan un nombre para la mascota del DIF municipal, la cual es un peque\u00f1o guerrero jaguar. Al tiempo de fomentar la creatividad en las y los menores, tambi\u00e9n se promueve su participaci\u00f3n en actividades que reflejen los valores y la identidad cultural de la comunidad.&nbsp;<\/p>\n\n\n\n<p>La presidenta honoraria del DIF, Patricia Yarazet Cruz Ben\u00edtez, destac\u00f3 que este tipo de actividades fomentan la convivencia y el fortalecimiento del tejido social, permitiendo que ni\u00f1as, ni\u00f1os y sus familias compartan momentos inolvidables.<\/p>\n\n\n\n<p>\u00abVivimos una tarde m\u00e1gica e inolvidable, viendo a nuestras familias unidas y felices. Esto nos inspira a seguir trabajando para crear m\u00e1s momentos como este, porque juntos construimos una comunidad m\u00e1s fuerte y llena de esperanza\u00bb, expres\u00f3 Cruz Ben\u00edtez.<\/p>\n\n\n\n<p>La presidenta honoraria del DIF Municipal agradeci\u00f3 a El Circo de Daniel Atayde por hacer posible esta experiencia \u00fanica y reafirm\u00f3 el compromiso de seguir impulsando actividades que promuevan la uni\u00f3n y el bienestar de las familias de Santa Cruz Xoxocotl\u00e1n.<\/p>\n","protected":false},"excerpt":{"rendered":"<p>Redacci\u00f3n\/Zona Roja. Oaxaca de Ju\u00e1rez, Oax., a 15 de febrero de 2025. Con el prop\u00f3sito&hellip;<\/p>\n","protected":false},"author":2,"featured_media":77542,"comment_status":"closed","ping_status":"open","sticky":false,"template":"","format":"standard","meta":{"_lmt_disableupdate":"","_lmt_disable":"","_jetpack_memberships_contains_paid_content":false,"footnotes":""},"categories":[109,46],"tags":[133],"class_list":["post-77541","post","type-post","status-publish","format-standard","has-post-thumbnail","hentry","category-minuto-a-minuto","category-zona-blanca","tag-santa-cruz-xoxocotlan"],"jetpack_featured_media_url":"https:\/\/zonaroja.com.mx\/wp-content\/uploads\/2025\/02\/bodas-colectivas-xoxocotlan-3.jpeg","jetpack_sharing_enabled":true,"_links":{"self":[{"href":"https:\/\/zonaroja.com.mx\/index.php?rest_route=\/wp\/v2\/posts\/77541","targetHints":{"allow":["GET"]}}],"collection":[{"href":"https:\/\/zonaroja.com.mx\/index.php?rest_route=\/wp\/v2\/posts"}],"about":[{"href":"https:\/\/zonaroja.com.mx\/index.php?rest_route=\/wp\/v2\/types\/post"}],"author":[{"embeddable":true,"href":"https:\/\/zonaroja.com.mx\/index.php?rest_route=\/wp\/v2\/users\/2"}],"replies":[{"embeddable":true,"href":"https:\/\/zonaroja.com.mx\/index.php?rest_route=%2Fwp%2Fv2%2Fcomments&post=77541"}],"version-history":[{"count":1,"href":"https:\/\/zonaroja.com.mx\/index.php?rest_route=\/wp\/v2\/posts\/77541\/revisions"}],"predecessor-version":[{"id":77543,"href":"https:\/\/zonaroja.com.mx\/index.php?rest_route=\/wp\/v2\/posts\/77541\/revisions\/77543"}],"wp:featuredmedia":[{"embeddable":true,"href":"https:\/\/zonaroja.com.mx\/index.php?rest_route=\/wp\/v2\/media\/77542"}],"wp:attachment":[{"href":"https:\/\/zonaroja.com.mx\/index.php?rest_route=%2Fwp%2Fv2%2Fmedia&parent=77541"}],"wp:term":[{"taxonomy":"category","embeddable":true,"href":"https:\/\/zonaroja.com.mx\/index.php?rest_route=%2Fwp%2Fv2%2Fcategories&post=77541"},{"taxonomy":"post_tag","embeddable":true,"href":"https:\/\/zonaroja.com.mx\/index.php?rest_route=%2Fwp%2Fv2%2Ftags&post=77541"}],"curies":[{"name":"wp","href":"https:\/\/api.w.org\/{rel}","templated":true}]}}