{"id":77544,"date":"2025-02-15T13:47:00","date_gmt":"2025-02-15T19:47:00","guid":{"rendered":"https:\/\/zonaroja.com.mx\/?p=77544"},"modified":"2025-02-15T07:52:24","modified_gmt":"2025-02-15T13:52:24","slug":"atienden-segob-y-oaxaca-a-la-alianza-de-pueblos-y-retiran-planton","status":"publish","type":"post","link":"https:\/\/zonaroja.com.mx\/?p=77544","title":{"rendered":"Atienden Segob y Oaxaca a la Alianza de Pueblos y retiran \u201cplant\u00f3n\u201d"},"content":{"rendered":"\n<p>Redacci\u00f3n\/Zona Roja Cdmx.<\/p>\n\n\n\n<p>Ciudad de M\u00e9xico, a 15 de febrero de 2025.- Tras cinco d\u00edas en \u201cplant\u00f3n\u201d en el primer cuadro de la Ciudad de M\u00e9xico, integrantes de la Alianza de Pueblos por la Justicia Social de Oaxaca regresaron a su estado, al asegurar que fueron \u201cescuchados por el gobierno federal, que nos canaliz\u00f3 a las instancias correspondientes\u201d para resolver los asuntos de agresiones contra luchadores sociales e impunidad en el gobierno de Salom\u00f3n Jara.<\/p>\n\n\n\n<p>Indicaron que derivado de las mesas de trabajo con la Secretar\u00eda de Gobernaci\u00f3n (SG) se tuvo contacto con la administraci\u00f3n de Jara, con quien sostendr\u00e1n una reuni\u00f3n la pr\u00f3xima semana. \u201cSe ha abierto un canal de comunicaci\u00f3n con el gobierno del estado\u201d, afirmaron.<\/p>\n\n\n\n<p>Los manifestantes instalaron el plant\u00f3n el lunes pasado, luego de trasladarse en caravana motorizada desde ese estado. La Alianza est\u00e1 conformada por el Consejo de Defensa de los Derechos del Pueblo (Codep), la Organizaci\u00f3n de Pueblos Ind\u00edgenas de Oaxaca, el Proyecto Amplio de Izquierda Socialista y Asambleas Comunitarias de Poder Popular.<\/p>\n\n\n\n<p>Ernesto L\u00f3pez, del Codep, expuso que el avance en las negociaciones \u201cno es por la buena voluntad del gobierno de Oaxaca, sino porque venimos a la Ciudad de M\u00e9xico a exponer la situaci\u00f3n\u2026 No deber\u00eda de ser as\u00ed, que uno tenga que salir de su tierra para que te atiendan\u201d.<\/p>\n\n\n\n<p>Antes de regresar a su estado, los integrantes de la Alianza realizaron una protesta frente a la embajada de Estados Unidos \u201cen apoyo a la presidenta Claudia Sheinbaum\u201d, en defensa de los mexicanos migrantes y para \u201crepudiar la pol\u00edtica intervencionista que tiene Donald Trump en contra de M\u00e9xico y Am\u00e9rica Latina\u201d.<\/p>\n\n\n\n<p>Los asistentes portaron pancartas con consignas como \u201cNadie es \u2018ilegal\u2019 en su propio territorio\u201d y \u201clos migrantes no son delincuentes\u201d.<\/p>\n\n\n\n<p>(Informaci\u00f3n de \u201cLa Jornada\u201d)<\/p>\n","protected":false},"excerpt":{"rendered":"<p>Redacci\u00f3n\/Zona Roja Cdmx. Ciudad de M\u00e9xico, a 15 de febrero de 2025.- Tras cinco d\u00edas&hellip;<\/p>\n","protected":false},"author":2,"featured_media":77545,"comment_status":"closed","ping_status":"open","sticky":false,"template":"","format":"standard","meta":{"_lmt_disableupdate":"","_lmt_disable":"","_jetpack_memberships_contains_paid_content":false,"footnotes":""},"categories":[109,47],"tags":[4221],"class_list":["post-77544","post","type-post","status-publish","format-standard","has-post-thumbnail","hentry","category-minuto-a-minuto","category-zona-gris","tag-alianza-de-pueblos-por-la-justicia-social"],"jetpack_featured_media_url":"https:\/\/zonaroja.com.mx\/wp-content\/uploads\/2025\/02\/Alianza-de-Pueblos-reunion-Oaxaca.jpg","jetpack_sharing_enabled":true,"_links":{"self":[{"href":"https:\/\/zonaroja.com.mx\/index.php?rest_route=\/wp\/v2\/posts\/77544","targetHints":{"allow":["GET"]}}],"collection":[{"href":"https:\/\/zonaroja.com.mx\/index.php?rest_route=\/wp\/v2\/posts"}],"about":[{"href":"https:\/\/zonaroja.com.mx\/index.php?rest_route=\/wp\/v2\/types\/post"}],"author":[{"embeddable":true,"href":"https:\/\/zonaroja.com.mx\/index.php?rest_route=\/wp\/v2\/users\/2"}],"replies":[{"embeddable":true,"href":"https:\/\/zonaroja.com.mx\/index.php?rest_route=%2Fwp%2Fv2%2Fcomments&post=77544"}],"version-history":[{"count":1,"href":"https:\/\/zonaroja.com.mx\/index.php?rest_route=\/wp\/v2\/posts\/77544\/revisions"}],"predecessor-version":[{"id":77546,"href":"https:\/\/zonaroja.com.mx\/index.php?rest_route=\/wp\/v2\/posts\/77544\/revisions\/77546"}],"wp:featuredmedia":[{"embeddable":true,"href":"https:\/\/zonaroja.com.mx\/index.php?rest_route=\/wp\/v2\/media\/77545"}],"wp:attachment":[{"href":"https:\/\/zonaroja.com.mx\/index.php?rest_route=%2Fwp%2Fv2%2Fmedia&parent=77544"}],"wp:term":[{"taxonomy":"category","embeddable":true,"href":"https:\/\/zonaroja.com.mx\/index.php?rest_route=%2Fwp%2Fv2%2Fcategories&post=77544"},{"taxonomy":"post_tag","embeddable":true,"href":"https:\/\/zonaroja.com.mx\/index.php?rest_route=%2Fwp%2Fv2%2Ftags&post=77544"}],"curies":[{"name":"wp","href":"https:\/\/api.w.org\/{rel}","templated":true}]}}