{"id":7755,"date":"2020-01-16T22:27:49","date_gmt":"2020-01-17T04:27:49","guid":{"rendered":"http:\/\/www.zonaroja.com.mx\/?p=7755"},"modified":"2020-01-16T22:27:54","modified_gmt":"2020-01-17T04:27:54","slug":"jueves-rojo-tres-ejecutados-asalto-bancario-y-lio-de-transportistas","status":"publish","type":"post","link":"https:\/\/zonaroja.com.mx\/?p=7755","title":{"rendered":"Jueves rojo: tres ejecutados, asalto bancario y l\u00edo de transportistas"},"content":{"rendered":"\n<p>Redacci\u00f3n\/Zona\nRoja.<\/p>\n\n\n\n<p>Oaxaca de\nJu\u00e1rez, Oax., 16 de enero de 2020.- La ola violenta y cotidiana continu\u00f3 en\nOaxaca y este jueves se reportaron tres asesinatos a balazos, as\u00ed como un\nasalto bancario en la capital y una ri\u00f1a entre transportistas y polic\u00edas\nviales, que deriv\u00f3 en detonaci\u00f3n de armas de fuego, en San Jacinto Amilpas. <\/p>\n\n\n\n<p>TUXTEPEC: 6\nEN 4 D\u00cdAS<\/p>\n\n\n\n<p>Los hechos\nviolentos en San Juan Bautista Tuxtepec no cesan desde inicios de este a\u00f1o y\neste d\u00eda se volvi\u00f3 a registrar la ejecuci\u00f3n de otra persona.<\/p>\n\n\n\n<p>Sobre la\ncarretera federal 135 en el tramo de la agencia de Agua Fr\u00eda, de Tuxtepec, un\nvar\u00f3n fue asesinado con disparos de arma de fuego cerca de las 13:00 horas.<\/p>\n\n\n\n<p>De acuerdo\ncon informaci\u00f3n, la v\u00edctima viajaba a bordo de su motocicleta. El hombre qued\u00f3\na orilla de carretera entre maleza, mientras que los casquillos percutidos\ntambi\u00e9n se localizaron sobre la carpeta asf\u00e1ltica.<\/p>\n\n\n\n<p>En lo que va\nde este semana, se han registrado cinco hechos violentos, los cuales han dejado\nun saldo de seis personas muertas, entre las v\u00edctimas se encuentra una mujer.<\/p>\n\n\n\n<p>OTRO EN\nCOSTA<\/p>\n\n\n\n<p>En Puerto\nEscondido, un sujeto identificado como Roberto Carlos, de 47 a\u00f1os de edad y de\nprofesi\u00f3n contador, fue ultimado a balazos en el interior de su domicilio del\nfraccionamiento Las Palmas, alrededor de las 14:30 horas.<\/p>\n\n\n\n<p>Los autores\ndel crimen fueron presuntamente integrantes de un grupo armado, que ingresaron\nal hogar de quien era originario de San Jos\u00e9 del Progreso, Tututepec.<\/p>\n\n\n\n<p>Mientras que\nen Acatl\u00e1n de P\u00e9rez Figueroa, en la regi\u00f3n de la Cuenca del Papaloapan, fue\nhallado el cad\u00e1ver de otro individuo, cuyos datos de identidad a\u00fan no han sido\ndifundidos.<\/p>\n\n\n\n<p>ASALTO\nBANCARIO<\/p>\n\n\n\n<p>Por otra\nparte, en la capital del estado y por segundo d\u00eda consecutivo, ocurri\u00f3 un\nasalto bancario. Alrededor del mediod\u00eda, una persona del sexo masculino retir\u00f3\nde la sucursal Madero de Banorte, la cantidad de 85 mil pesos.<\/p>\n\n\n\n<p>Sin embargo\nafuera ya lo esperaban al menos dos individuos que le arrebataron la bolsa tras\nlo cual huyeron sobre la avenida Divisi\u00f3n Oriente. La polic\u00eda municipal lleg\u00f3\nal lugar de los hechos pero no pudo hallar a los responsables del atraco.<\/p>\n\n\n\n<p>LA\nCONFRONTACI\u00d3N<\/p>\n\n\n\n<p>Mientras\ntanto, minutos antes de las 14:00 horas, la Polic\u00eda Vial implement\u00f3 un\noperativo contra mototaxis irregulares en San Jacinto Amilpas, al poniente de\nla capital, que deriv\u00f3 en hechos violentos.<\/p>\n\n\n\n<p>Los\ntransportistas, presuntamente de la Confederaci\u00f3n Aut\u00f3noma de Trabajadores y\nEmpleados de M\u00e9xico (CATEM), se apoderaron de una patrulla de la corporaci\u00f3n;\ntras ello llegaron m\u00e1s elementos policiacos que incluso hicieron disparos de\narma de fuego y dieron a un mototaxi. Tras el operativo, fueron aseguradas seis\nunidades de motor.<\/p>\n","protected":false},"excerpt":{"rendered":"<p>Redacci\u00f3n\/Zona Roja. Oaxaca de Ju\u00e1rez, Oax., 16 de enero de 2020.- La ola violenta y&hellip;<\/p>\n","protected":false},"author":2,"featured_media":7756,"comment_status":"closed","ping_status":"open","sticky":false,"template":"","format":"standard","meta":{"_lmt_disableupdate":"","_lmt_disable":"","_jetpack_memberships_contains_paid_content":false,"footnotes":""},"categories":[109,51],"tags":[590,118],"class_list":["post-7755","post","type-post","status-publish","format-standard","has-post-thumbnail","hentry","category-minuto-a-minuto","category-zona-roja","tag-puerto-escondido","tag-san-juan-bautista-tuxtepec"],"jetpack_featured_media_url":"https:\/\/zonaroja.com.mx\/wp-content\/uploads\/2020\/01\/Ejecutado-Tuxtepec-16ene.jpg","jetpack_sharing_enabled":true,"_links":{"self":[{"href":"https:\/\/zonaroja.com.mx\/index.php?rest_route=\/wp\/v2\/posts\/7755","targetHints":{"allow":["GET"]}}],"collection":[{"href":"https:\/\/zonaroja.com.mx\/index.php?rest_route=\/wp\/v2\/posts"}],"about":[{"href":"https:\/\/zonaroja.com.mx\/index.php?rest_route=\/wp\/v2\/types\/post"}],"author":[{"embeddable":true,"href":"https:\/\/zonaroja.com.mx\/index.php?rest_route=\/wp\/v2\/users\/2"}],"replies":[{"embeddable":true,"href":"https:\/\/zonaroja.com.mx\/index.php?rest_route=%2Fwp%2Fv2%2Fcomments&post=7755"}],"version-history":[{"count":1,"href":"https:\/\/zonaroja.com.mx\/index.php?rest_route=\/wp\/v2\/posts\/7755\/revisions"}],"predecessor-version":[{"id":7757,"href":"https:\/\/zonaroja.com.mx\/index.php?rest_route=\/wp\/v2\/posts\/7755\/revisions\/7757"}],"wp:featuredmedia":[{"embeddable":true,"href":"https:\/\/zonaroja.com.mx\/index.php?rest_route=\/wp\/v2\/media\/7756"}],"wp:attachment":[{"href":"https:\/\/zonaroja.com.mx\/index.php?rest_route=%2Fwp%2Fv2%2Fmedia&parent=7755"}],"wp:term":[{"taxonomy":"category","embeddable":true,"href":"https:\/\/zonaroja.com.mx\/index.php?rest_route=%2Fwp%2Fv2%2Fcategories&post=7755"},{"taxonomy":"post_tag","embeddable":true,"href":"https:\/\/zonaroja.com.mx\/index.php?rest_route=%2Fwp%2Fv2%2Ftags&post=7755"}],"curies":[{"name":"wp","href":"https:\/\/api.w.org\/{rel}","templated":true}]}}