{"id":77556,"date":"2025-02-15T20:39:27","date_gmt":"2025-02-16T02:39:27","guid":{"rendered":"https:\/\/zonaroja.com.mx\/?p=77556"},"modified":"2025-02-15T20:39:29","modified_gmt":"2025-02-16T02:39:29","slug":"en-cinco-anos-414-menores-afectados-por-cancer-en-oaxaca","status":"publish","type":"post","link":"https:\/\/zonaroja.com.mx\/?p=77556","title":{"rendered":"En cinco a\u00f1os, 414 menores afectados por c\u00e1ncer en Oaxaca"},"content":{"rendered":"\n<p>Raymundo Morales\/Zona Roja.&nbsp;<\/p>\n\n\n\n<p>Oaxaca de Ju\u00e1rez, Oax., a 15 de febrero de 2025.- De acuerdo con el Registro Nacional de C\u00e1ncer en Ni\u00f1as, Ni\u00f1os y Adolescentes, entre 2020 y 2024, esta serie de padecimientos afectaron a un total de 414 infancias y adolescencias del estado de Oaxaca, predominando los casos de leucemia, con 249 registros.<\/p>\n\n\n\n<p>En el marco del D\u00eda Internacional de Lucha contra el C\u00e1ncer Infantil, los Servicios de Salud de Oaxaca detall\u00f3 que del total de pacientes detectados en el periodo de tiempo antes referido, el 94.68 por ciento, es decir, 392 ni\u00f1as, ni\u00f1os y adolescentes fueron atendidos en el Hospital de la Ni\u00f1ez Oaxaque\u00f1a \u201cDoctor Z\u00e1rate Mijangos\u201d; mientras que 22, en el Hospital Regional \u201cPresidente Ju\u00e1rez\u201d del ISSSTE.<\/p>\n\n\n\n<p>Destac\u00f3 que el c\u00e1ncer en la infancia y adolescencia es multifactorial e involucra factores ambientales, estilos de vida, epigen\u00e9ticos y otros a\u00fan desconocidos, lo cual hace compleja la asociaci\u00f3n directa con alg\u00fan factor de riesgo asociado a su desarrollo.<\/p>\n\n\n\n<p>La dependencia estatal hizo un llamado a madres, padres y personas cuidadoras de ni\u00f1as, ni\u00f1os y adolescentes (NNA) a estar atentos ante s\u00edntomas como: fiebre sin raz\u00f3n aparente, cansancio, dolor intenso de cabeza, v\u00f3mito, sangrado de enc\u00edas y\/o nariz; para realizar la detecci\u00f3n oportuna.<\/p>\n\n\n\n<p>HAY VENCEDORES<\/p>\n\n\n\n<p>En ese contexto de la conmemoraci\u00f3n, los Servicios de Salud informaron que los peque\u00f1os \u201cDavid\u201d -Yareth, Keila, Christian y Dana- tocaron la campana de victoria, su lucha contra un Goliat microsc\u00f3pico pero feroz que habitaba sus cuerpos en forma de c\u00e1ncer, les dio una tregua, y a partir de este 2025 comienzan una nueva etapa; sus madres, estoicas, acompa\u00f1an el triunfo.<\/p>\n\n\n\n<p>El silencio propio de las salas de espera se rompe con aplausos, porras, alegr\u00eda; son m\u00e1s de las 13:00 horas del 14 de febrero en el \u00e1rea de Oncolog\u00eda del Hospital de la Ni\u00f1ez Oaxaque\u00f1a (HNO) \u201cDoctor Guillermo Z\u00e1rate Mijangos\u201d, y las ni\u00f1as, ni\u00f1os, madres, padres de familia, amigas y amigos, junto con el personal de la instituci\u00f3n se re\u00fanen frente a una campana dorada.<\/p>\n\n\n\n<p>Las l\u00e1grimas, ahora, son de alegr\u00eda, una que contagia porque la vida puede continuar, no solo para las y el paciente, sino para sus madres que han luchado codo a codo contra ese Goliat microsc\u00f3pico.<\/p>\n\n\n\n<p>\u201cEl toque de campana es una conmemoraci\u00f3n que tiene sus or\u00edgenes en los marinos para celebrar, honrar y dar avisos. En el caso de ni\u00f1os y ni\u00f1as con c\u00e1ncer, este toque representa el t\u00e9rmino del tratamiento para unos casos, as\u00ed como el haber salido negativo en pruebas tras cinco a\u00f1os, lo que significa que quien llega a esta etapa es sobreviviente de c\u00e1ncer\u201d, explica la hemat\u00f3loga pediatra Nuria Citlalli Luna Silva.<\/p>\n\n\n\n<p>KEILA Y GLADYS<\/p>\n\n\n\n<p>Thal\u00eda Gladys Luis, madre de Keila Yoselin Ram\u00edrez Luis, se dio cuenta que algo no andaba bien con su hija cuando comenz\u00f3 a tener sudoraciones nocturnas, crecimiento de ganglios, mareos, v\u00f3mitos y falta de hambre.<\/p>\n\n\n\n<p>Originarias del municipio de San Mateo R\u00edo Hondo, se trasladaron a Miahuatl\u00e1n de Porfirio D\u00edaz a buscar opciones m\u00e9dicas; sin embargo, pese a acudir a diversas revisiones, la situaci\u00f3n de la ni\u00f1a empeoraba, hasta que, en febrero de 2023, Keila de entonces cuatro a\u00f1os fue ingresada grave al hospital IMSS Bienestar de aquella cabecera distrital.<\/p>\n\n\n\n<p>Con un pron\u00f3stico desalentador y sin saber qu\u00e9 enfermedad afectaba a su hija, Thal\u00eda tom\u00f3 la decisi\u00f3n de dejar a sus otros dos peque\u00f1os al cuidado de su familia y trasladarse al Hospital de la Ni\u00f1ez Oaxaque\u00f1a, donde la ni\u00f1a fue diagnosticada con Histiocitosis de C\u00e9lulas de Langerhans (HCL), que le afectaron tres \u00f3rganos: h\u00edgado, m\u00e9dula y bazo.<\/p>\n\n\n\n<p>Dos a\u00f1os despu\u00e9s, con tres tratamientos distintos y una reca\u00edda, hoy ellas est\u00e1n de pie frente a quienes ahora son su familia. Despu\u00e9s de haber tocado la campana, esta madre agradece el cuidado al personal m\u00e9dico, de enfermer\u00eda, trabajo social, de limpieza, a las organizaciones Con Causa y Nicuatole, a las otras madres de familia que luchan tambi\u00e9n con sus hijas e hijos contra ese Goliat, esta oportunidad de vida.<\/p>\n\n\n\n<p>El 3 de enero de 2025, el examen para diagnosticar presencia de c\u00e9lulas cancer\u00edgenas denominado PET-CT report\u00f3 resultados negativos en Keila. Su mam\u00e1 la abraza, la besa y agradece.<\/p>\n\n\n\n<p>DANNA Y ALEJANDRA&nbsp;<\/p>\n\n\n\n<p>Danna Paola Castellanos Santiago es ya sobreviviente de c\u00e1ncer, su lucha contra la Leucemia Linfobl\u00e1stica Aguda de C\u00e9lulas T Alto Riesgo concluy\u00f3 tras ocho a\u00f1os, tres de los cuales fueron de tratamiento y cinco de vigilancia.&nbsp;<\/p>\n\n\n\n<p>Alejandra Santiago, su madre, recuerda que cuando ten\u00eda ocho a\u00f1os Danna comenz\u00f3 a tener ganglios inflamados, sudoraciones y aunque acud\u00eda con uno y otro m\u00e9dico, tard\u00f3 un a\u00f1o en obtener un diagn\u00f3stico, \u201cllegu\u00e9 al Hospital de la Ni\u00f1ez Oaxaque\u00f1a sin esperanza, pero ocho a\u00f1os despu\u00e9s de tratamientos gracias al personal m\u00e9dico, celebramos que Danna es ya sobreviviente\u201d, dijo.<\/p>\n\n\n\n<p>Durante su mensaje, Danna solo tiene palabras de amor para su mam\u00e1, mucho agradecimiento a las m\u00e9dicas y al personal de la instituci\u00f3n por haber puesto todo su conocimiento y empe\u00f1o en su tratamiento, y el de todas y todos los ni\u00f1os que conoci\u00f3 durante su recuperaci\u00f3n y que fueron sus compa\u00f1eros de batalla. \u201cMe hubiese gustado ver que mi amigo David tambi\u00e9n lo hubiese logrado\u201d, dice entre l\u00e1grimas.<\/p>\n\n\n\n<p>CUMPLE CON LA SOCIEDAD<\/p>\n\n\n\n<p>Las luchas contra el c\u00e1ncer infantil tienen un sitio en com\u00fan: el Hospital de la Ni\u00f1ez Oaxaque\u00f1a, ah\u00ed, el cuerpo m\u00e9dico del \u00e1rea de Oncolog\u00eda conformado por hemat\u00f3logas, onc\u00f3logas pediatras y especialistas en pediatr\u00eda, enfermer\u00eda y trabajo social, brindan no solo tratamientos, sino un entendimiento integral y acompa\u00f1amiento de las condiciones de cada ni\u00f1a, ni\u00f1o, adolescente y sus familias.<\/p>\n\n\n\n<p>En el marco del D\u00eda Internacional de Lucha contra el C\u00e1ncer Infantil, que se conmemora este 15 de febrero, el personal reunido con sus pacientes que tocaron la campana celebr\u00f3 este acontecimiento.<\/p>\n\n\n\n<p>Las ni\u00f1as Yareth y Keila, as\u00ed como el ni\u00f1o Christian, tocaron la campana anunciando el fin de su tratamiento de dos a\u00f1os; ahora, est\u00e1n bajo vigilancia, el cual tendr\u00e1 una duraci\u00f3n de cinco a\u00f1os, para posterior a ello, considerarlos sobrevivientes de c\u00e1ncer, como el caso de Dana quien venci\u00f3 a ese Goliat microsc\u00f3pico.<\/p>\n","protected":false},"excerpt":{"rendered":"<p>Raymundo Morales\/Zona Roja.&nbsp; Oaxaca de Ju\u00e1rez, Oax., a 15 de febrero de 2025.- De acuerdo&hellip;<\/p>\n","protected":false},"author":2,"featured_media":77557,"comment_status":"closed","ping_status":"open","sticky":false,"template":"","format":"standard","meta":{"_lmt_disableupdate":"","_lmt_disable":"","_jetpack_memberships_contains_paid_content":false,"footnotes":""},"categories":[109,46],"tags":[],"class_list":["post-77556","post","type-post","status-publish","format-standard","has-post-thumbnail","hentry","category-minuto-a-minuto","category-zona-blanca"],"jetpack_featured_media_url":"https:\/\/zonaroja.com.mx\/wp-content\/uploads\/2025\/02\/Cancer-infantil-Hospital-Ninez.jpeg","jetpack_sharing_enabled":true,"_links":{"self":[{"href":"https:\/\/zonaroja.com.mx\/index.php?rest_route=\/wp\/v2\/posts\/77556","targetHints":{"allow":["GET"]}}],"collection":[{"href":"https:\/\/zonaroja.com.mx\/index.php?rest_route=\/wp\/v2\/posts"}],"about":[{"href":"https:\/\/zonaroja.com.mx\/index.php?rest_route=\/wp\/v2\/types\/post"}],"author":[{"embeddable":true,"href":"https:\/\/zonaroja.com.mx\/index.php?rest_route=\/wp\/v2\/users\/2"}],"replies":[{"embeddable":true,"href":"https:\/\/zonaroja.com.mx\/index.php?rest_route=%2Fwp%2Fv2%2Fcomments&post=77556"}],"version-history":[{"count":1,"href":"https:\/\/zonaroja.com.mx\/index.php?rest_route=\/wp\/v2\/posts\/77556\/revisions"}],"predecessor-version":[{"id":77558,"href":"https:\/\/zonaroja.com.mx\/index.php?rest_route=\/wp\/v2\/posts\/77556\/revisions\/77558"}],"wp:featuredmedia":[{"embeddable":true,"href":"https:\/\/zonaroja.com.mx\/index.php?rest_route=\/wp\/v2\/media\/77557"}],"wp:attachment":[{"href":"https:\/\/zonaroja.com.mx\/index.php?rest_route=%2Fwp%2Fv2%2Fmedia&parent=77556"}],"wp:term":[{"taxonomy":"category","embeddable":true,"href":"https:\/\/zonaroja.com.mx\/index.php?rest_route=%2Fwp%2Fv2%2Fcategories&post=77556"},{"taxonomy":"post_tag","embeddable":true,"href":"https:\/\/zonaroja.com.mx\/index.php?rest_route=%2Fwp%2Fv2%2Ftags&post=77556"}],"curies":[{"name":"wp","href":"https:\/\/api.w.org\/{rel}","templated":true}]}}