{"id":77559,"date":"2025-02-16T07:25:00","date_gmt":"2025-02-16T13:25:00","guid":{"rendered":"https:\/\/zonaroja.com.mx\/?p=77559"},"modified":"2025-02-16T06:47:53","modified_gmt":"2025-02-16T12:47:53","slug":"denuncia-ucizoni-grupos-armados-en-el-platanillo-gobierno-lo-desmiente","status":"publish","type":"post","link":"https:\/\/zonaroja.com.mx\/?p=77559","title":{"rendered":"Denuncia Ucizoni grupos armados en El Platanillo; gobierno lo desmiente"},"content":{"rendered":"\n<p>Ismael Garc\u00eda M.\/Zona Roja.<\/p>\n\n\n\n<p>Oaxaca de Ju\u00e1rez, Oax., a 16 de febrero de 2025.- La organizaci\u00f3n social Uni\u00f3n de Comunidades Ind\u00edgenas de la Zona Norte del Istmo (Ucizoni) denunci\u00f3 la presencia de grupos armados que mantienen sitio a la comunidad de San Isidro Platanillo, del municipio de Santo Domingo Petapa.<\/p>\n\n\n\n<p>En un comunicado, inform\u00f3 que, respecto a los tres de sus militantes asesinados el 13 de febrero anterior, el pasado viernes logr\u00f3 ingresar al poblado el cuerpo de Wilfrido Atanacio Cristobal, quien fue sepultado ayer.<\/p>\n\n\n\n<p>\u201cEl grupo criminal impidi\u00f3 la entrada a El Platanillo de los cuerpos de Victoriano Quirino y de Abraham Chirino. Ambos est\u00e1n siendo velados en en un domicilio de Matias Romero\u201d, destac\u00f3.<\/p>\n\n\n\n<p>Rechaz\u00f3 que haya presencia de cuerpos policiacos en la zona, tras los hechos violentos del pasado jueves y, por el contrario, expuso que \u201cel grupo criminal ya ingreso a Platanillo y est\u00e1n amenazando a las familias y hay temor de que sean desplazadas. En particular hay preocupaci\u00f3n de mujeres y miedo en los ni\u00f1os y ni\u00f1as\u201d.<\/p>\n\n\n\n<p>LA RESPUESTA OFICIAL<\/p>\n\n\n\n<p>Por su parte, tambi\u00e9n en un comunicado, el Gobierno del Estado de Oaxaca lament\u00f3 \u201cque agentes externos generen psicosis entre la poblaci\u00f3n, difundiendo informaci\u00f3n err\u00f3nea.<\/p>\n\n\n\n<p>Reiter\u00f3 que se mantiene el di\u00e1logo con las autoridades municipales y agrarias de los municipios de San Juan Mazatl\u00e1n y Santo Domingo Petapa, para distensar (sic) la zona.<\/p>\n\n\n\n<p>Destac\u00f3 que mediante el di\u00e1logo se construye un acuerdo que permita a las comunidades recuperar la paz social.<\/p>\n\n\n\n<p>\u201cEstamos construyendo la necesaria presencia de la seguridad en el marco del di\u00e1logo. Nosotros le vamos a seguir apostando al di\u00e1logo, hay acercamiento con el agente municipal de Platanillo\u201d, afirm\u00f3.&nbsp;<\/p>\n\n\n\n<p>Exhort\u00f3 a las organizaciones sociales, pol\u00edticas o agrarias, apoyar los esfuerzos del Gobierno del Estado de Oaxaca para pacificar la zona; adem\u00e1s de sumarse al proceso de di\u00e1logo presentando alternativas de soluci\u00f3n a fin de aportar a la paz social en la regi\u00f3n.<\/p>\n\n\n\n<p>Dio a conocer que los cuerpos de seguridad est\u00e1n cerca de la zona en conflicto, debido a que no pueden ingresar en un contexto donde queden en medio de uno y otros. \u201cTiene que construirse desde la pol\u00edtica, la seguridad en la zona, y despu\u00e9s de eso intervendr\u00e1n los cuerpos de seguridad\u201d, expres\u00f3.<\/p>\n\n\n\n<p>\u201cSi lo que se desea es la militarizaci\u00f3n de la zona y la entrada de la fuerza p\u00fablica para resolver un conflicto eminentemente social, est\u00e1n equivocados, porque eso no destensar\u00e1 una problem\u00e1tica a\u00f1eja, por el contrario, lo agudizar\u00e1, adem\u00e1s que las fuerzas de seguridad no son para enfrentar a un pueblo a favor de otro, son para mantener la paz, la seguridad y la justicia\u201d.<\/p>\n","protected":false},"excerpt":{"rendered":"<p>Ismael Garc\u00eda M.\/Zona Roja. Oaxaca de Ju\u00e1rez, Oax., a 16 de febrero de 2025.- La&hellip;<\/p>\n","protected":false},"author":2,"featured_media":77562,"comment_status":"closed","ping_status":"open","sticky":false,"template":"","format":"standard","meta":{"_lmt_disableupdate":"","_lmt_disable":"","_jetpack_memberships_contains_paid_content":false,"footnotes":""},"categories":[109,47],"tags":[4220],"class_list":["post-77559","post","type-post","status-publish","format-standard","has-post-thumbnail","hentry","category-minuto-a-minuto","category-zona-gris","tag-san-isidro-platanillo"],"jetpack_featured_media_url":"https:\/\/zonaroja.com.mx\/wp-content\/uploads\/2025\/02\/474591685_1072196574945157_5699375897347742024_n.jpg","jetpack_sharing_enabled":true,"_links":{"self":[{"href":"https:\/\/zonaroja.com.mx\/index.php?rest_route=\/wp\/v2\/posts\/77559","targetHints":{"allow":["GET"]}}],"collection":[{"href":"https:\/\/zonaroja.com.mx\/index.php?rest_route=\/wp\/v2\/posts"}],"about":[{"href":"https:\/\/zonaroja.com.mx\/index.php?rest_route=\/wp\/v2\/types\/post"}],"author":[{"embeddable":true,"href":"https:\/\/zonaroja.com.mx\/index.php?rest_route=\/wp\/v2\/users\/2"}],"replies":[{"embeddable":true,"href":"https:\/\/zonaroja.com.mx\/index.php?rest_route=%2Fwp%2Fv2%2Fcomments&post=77559"}],"version-history":[{"count":1,"href":"https:\/\/zonaroja.com.mx\/index.php?rest_route=\/wp\/v2\/posts\/77559\/revisions"}],"predecessor-version":[{"id":77563,"href":"https:\/\/zonaroja.com.mx\/index.php?rest_route=\/wp\/v2\/posts\/77559\/revisions\/77563"}],"wp:featuredmedia":[{"embeddable":true,"href":"https:\/\/zonaroja.com.mx\/index.php?rest_route=\/wp\/v2\/media\/77562"}],"wp:attachment":[{"href":"https:\/\/zonaroja.com.mx\/index.php?rest_route=%2Fwp%2Fv2%2Fmedia&parent=77559"}],"wp:term":[{"taxonomy":"category","embeddable":true,"href":"https:\/\/zonaroja.com.mx\/index.php?rest_route=%2Fwp%2Fv2%2Fcategories&post=77559"},{"taxonomy":"post_tag","embeddable":true,"href":"https:\/\/zonaroja.com.mx\/index.php?rest_route=%2Fwp%2Fv2%2Ftags&post=77559"}],"curies":[{"name":"wp","href":"https:\/\/api.w.org\/{rel}","templated":true}]}}