{"id":77567,"date":"2025-02-16T09:30:00","date_gmt":"2025-02-16T15:30:00","guid":{"rendered":"https:\/\/zonaroja.com.mx\/?p=77567"},"modified":"2025-02-16T07:19:39","modified_gmt":"2025-02-16T13:19:39","slug":"dota-fiscalia-de-equipo-y-ambulancia-a-la-agencia-estatal-de-investigaciones","status":"publish","type":"post","link":"https:\/\/zonaroja.com.mx\/?p=77567","title":{"rendered":"Dota Fiscal\u00eda de equipo y ambulancia a la Agencia Estatal de Investigaciones"},"content":{"rendered":"\n<p>Redacci\u00f3n\/Zona Roja.&nbsp;<\/p>\n\n\n\n<p>Oaxaca de Ju\u00e1rez, Oax., a 16 de febrero de 2025.- La Fiscal\u00eda General del Estado de Oaxaca entreg\u00f3 una ambulancia, equipo t\u00e1ctico y uniformes a integrantes de la Agencia Estatal de Investigaciones.<\/p>\n\n\n\n<p>El fiscal Bernardo Rodr\u00edguez Alamilla, destac\u00f3 que una prioridad en la instituci\u00f3n es dignificar las condiciones de trabajo para quienes forman parte de las filas de la polic\u00eda investigadora, lo que incluye dotar de los insumos necesarios, por lo que se gestion\u00f3 una ambulancia que acompa\u00f1e las intervenciones de alto riesgo que realiza la corporaci\u00f3n.<\/p>\n\n\n\n<p>Acompa\u00f1ado por el coordinador de la Agencia Estatal de Investigaciones, Jaciel V\u00e1squez Castro, Rodr\u00edguez Alamilla puntualiz\u00f3 que, por medio del proceso de reingenier\u00eda institucional se realizan las acciones necesarias para dotar del equipo y material esencial, que permita fortalecer las capacidades operativas de la corporaci\u00f3n, as\u00ed como ofrecer a las y los elementos las garant\u00edas de seguridad para llevar a cabo intervenciones de alto riesgo.<\/p>\n\n\n\n<p>Reconoci\u00f3 el trabajo que realizan las y los elementos de la AEI, pues son las personas que en forma cotidiana arriesgan su seguridad e integridad al momento de realizar sus labores en favor de la procuraci\u00f3n de justicia y combate al delito en la entidad.<\/p>\n\n\n\n<p>Y resalt\u00f3 que entre las peticiones de quienes integran la corporaci\u00f3n estaba contar con una ambulancia, la cual es esencial cuando van a actividades de alto riesgo, por lo que, con el objetivo de cuidar a las y los elementos se gestion\u00f3 este equipo para que brinde acompa\u00f1amiento en despliegues operativos.<\/p>\n\n\n\n<p>Por su parte, el coordinador de la Agencia Estatal de Investigaciones, Jaziel V\u00e1squez Castro, dijo que durante el proceso de gesti\u00f3n uno de los puntos que m\u00e1s vigilaron es respecto a la calidad de los materiales, especialmente en el caso de los cascos y chalecos t\u00e1cticos, por lo que verific\u00f3 que cumplieran con los est\u00e1ndares de calidad marcados a nivel internacional.<\/p>\n\n\n\n<p>La Fiscal\u00eda de Oaxaca realiza estos procesos buscando generar todas las condiciones necesarias que le permitan brindar los mejores resultados en materia de procuraci\u00f3n de justicia a las y los ciudadanos.<\/p>\n\n\n\n<figure class=\"wp-block-embed is-type-rich is-provider-twitter wp-block-embed-twitter\"><div class=\"wp-block-embed__wrapper\">\n<div class=\"twitter-tweet\"><blockquote class=\"twitter-tweet\" data-lang=\"es\"><p lang=\"es\" dir=\"ltr\">Este viernes, el fiscal General de Oaxaca, <a href=\"https:\/\/twitter.com\/FiscalOaxaca?ref_src=twsrc%5Etfw\">@FiscalOaxaca<\/a>, entreg\u00f3 equipo t\u00e1ctico y una ambulancia a la Agencia Estatal de Investigaciones (AEI), para dignificar condiciones de trabajo.<br><br>\u201cEsta acci\u00f3n es una forma de reconocer la labor cotidiana de los elementos de la polic\u00eda\u2026 <a href=\"https:\/\/t.co\/4JhlgH8xS9\">pic.twitter.com\/4JhlgH8xS9<\/a><\/p>&mdash; Zona Roja Oaxaca (@ZonaRoja_Oaxaca) <a href=\"https:\/\/twitter.com\/ZonaRoja_Oaxaca\/status\/1890548442721636819?ref_src=twsrc%5Etfw\">14 de febrero de 2025<\/a><\/blockquote><\/div>\n<\/div><\/figure>\n","protected":false},"excerpt":{"rendered":"<p>Redacci\u00f3n\/Zona Roja.&nbsp; Oaxaca de Ju\u00e1rez, Oax., a 16 de febrero de 2025.- La Fiscal\u00eda General&hellip;<\/p>\n","protected":false},"author":2,"featured_media":77568,"comment_status":"closed","ping_status":"open","sticky":false,"template":"","format":"standard","meta":{"_lmt_disableupdate":"","_lmt_disable":"","_jetpack_memberships_contains_paid_content":false,"footnotes":""},"categories":[109,46],"tags":[494],"class_list":["post-77567","post","type-post","status-publish","format-standard","has-post-thumbnail","hentry","category-minuto-a-minuto","category-zona-blanca","tag-fiscalia-general-del-estado-de-oaxaca"],"jetpack_featured_media_url":"https:\/\/zonaroja.com.mx\/wp-content\/uploads\/2025\/02\/Fiscalia-General-equipamiento-AEI.jpeg","jetpack_sharing_enabled":true,"_links":{"self":[{"href":"https:\/\/zonaroja.com.mx\/index.php?rest_route=\/wp\/v2\/posts\/77567","targetHints":{"allow":["GET"]}}],"collection":[{"href":"https:\/\/zonaroja.com.mx\/index.php?rest_route=\/wp\/v2\/posts"}],"about":[{"href":"https:\/\/zonaroja.com.mx\/index.php?rest_route=\/wp\/v2\/types\/post"}],"author":[{"embeddable":true,"href":"https:\/\/zonaroja.com.mx\/index.php?rest_route=\/wp\/v2\/users\/2"}],"replies":[{"embeddable":true,"href":"https:\/\/zonaroja.com.mx\/index.php?rest_route=%2Fwp%2Fv2%2Fcomments&post=77567"}],"version-history":[{"count":1,"href":"https:\/\/zonaroja.com.mx\/index.php?rest_route=\/wp\/v2\/posts\/77567\/revisions"}],"predecessor-version":[{"id":77569,"href":"https:\/\/zonaroja.com.mx\/index.php?rest_route=\/wp\/v2\/posts\/77567\/revisions\/77569"}],"wp:featuredmedia":[{"embeddable":true,"href":"https:\/\/zonaroja.com.mx\/index.php?rest_route=\/wp\/v2\/media\/77568"}],"wp:attachment":[{"href":"https:\/\/zonaroja.com.mx\/index.php?rest_route=%2Fwp%2Fv2%2Fmedia&parent=77567"}],"wp:term":[{"taxonomy":"category","embeddable":true,"href":"https:\/\/zonaroja.com.mx\/index.php?rest_route=%2Fwp%2Fv2%2Fcategories&post=77567"},{"taxonomy":"post_tag","embeddable":true,"href":"https:\/\/zonaroja.com.mx\/index.php?rest_route=%2Fwp%2Fv2%2Ftags&post=77567"}],"curies":[{"name":"wp","href":"https:\/\/api.w.org\/{rel}","templated":true}]}}