{"id":77570,"date":"2025-02-16T10:25:00","date_gmt":"2025-02-16T16:25:00","guid":{"rendered":"https:\/\/zonaroja.com.mx\/?p=77570"},"modified":"2025-02-16T07:26:11","modified_gmt":"2025-02-16T13:26:11","slug":"partido-morena-respalda-a-las-autoridades-de-oaxaca","status":"publish","type":"post","link":"https:\/\/zonaroja.com.mx\/?p=77570","title":{"rendered":"Partido Morena respalda a las autoridades de Oaxaca"},"content":{"rendered":"\n<p>Redacci\u00f3n\/Zona Roja.&nbsp;<\/p>\n\n\n\n<p>Oaxaca de Ju\u00e1rez, Oax., a 16 de febrero de 2025.- La dirigencia del Partido Morena en Oaxaca afirm\u00f3 que la ciudadan\u00eda respalda las acciones y pol\u00edticas p\u00fablicas humanistas implementadas por el gobierno de Oaxaca, con las que genera bienestar y posiciona al estado como un referente en la econom\u00eda.<\/p>\n\n\n\n<p>El presidente del Comit\u00e9 Estatal, Emmanuel Navarro afirm\u00f3 que al caminar durante las actividades de organizaci\u00f3n partidista en los municipios del estado, hay coincidencia con las personas sobre el quehacer gubernamental.<\/p>\n\n\n\n<p>\u201cLa gente est\u00e1 contenta, hemos preguntado a la poblaci\u00f3n sobre la percepci\u00f3n de este gobierno, y la gente est\u00e1 en un \u00e1nimo muy favorable hacia la Primavera Oaxaque\u00f1as, tienen mucha esperanza\u201d, se\u00f1al\u00f3.<\/p>\n\n\n\n<p>Indic\u00f3 que las condiciones en Oaxaca hoy son muy diferentes a otros momentos; existe confianza hacia el trabajo del gobernador Salom\u00f3n Jara Cruz quien ha logrado colocar a Oaxaca en el segundo lugar nacional en cuanto a desarrollo econ\u00f3mico con un 5.5%, situarla como la quinta entidad m\u00e1s segura, y mantener la gobernabilidad, ya que solo en enero de 2025 se lograron resolver el 59.9% de los conflictos. &nbsp;<\/p>\n\n\n\n<p>Adem\u00e1s, dijo que como nunca las juventudes oaxaque\u00f1as han recibido la atenci\u00f3n que los gobiernos del pasado siempre les negaron, por lo que a trav\u00e9s de pol\u00edticas de bienestar comenz\u00f3 la segunda edici\u00f3n del programa Mi Primera Chamba.<\/p>\n\n\n\n<p>Cabe se\u00f1alar que, durante este 2025 el presupuesto para este programa aument\u00f3 a 450 millones de pesos. Asimismo, aumentar\u00e1 el apoyo para cada una de las y los j\u00f3venes beneficiarios, al pasar de 7 mil 600 pesos que recib\u00edan en 2024 a 8 mil 400 para este a\u00f1o.<\/p>\n\n\n\n<p>Tambi\u00e9n, celebr\u00f3 el anuncio de los 16 proyectos estrat\u00e9gicos que la administraci\u00f3n estatal realizar\u00e1 en este ejercicio fiscal, mediante los cuales se crear\u00e1n empleos directos e indirectos, inversiones, beneficios y desarrollo social.<\/p>\n","protected":false},"excerpt":{"rendered":"<p>Redacci\u00f3n\/Zona Roja.&nbsp; Oaxaca de Ju\u00e1rez, Oax., a 16 de febrero de 2025.- La dirigencia del&hellip;<\/p>\n","protected":false},"author":2,"featured_media":77571,"comment_status":"closed","ping_status":"open","sticky":false,"template":"","format":"standard","meta":{"_lmt_disableupdate":"","_lmt_disable":"","_jetpack_memberships_contains_paid_content":false,"footnotes":""},"categories":[109,46],"tags":[2089],"class_list":["post-77570","post","type-post","status-publish","format-standard","has-post-thumbnail","hentry","category-minuto-a-minuto","category-zona-blanca","tag-comite-ejecutivo-nacional-partido-morena"],"jetpack_featured_media_url":"https:\/\/zonaroja.com.mx\/wp-content\/uploads\/2025\/02\/Conferencia-partido-Morena-Oax.jpg","jetpack_sharing_enabled":true,"_links":{"self":[{"href":"https:\/\/zonaroja.com.mx\/index.php?rest_route=\/wp\/v2\/posts\/77570","targetHints":{"allow":["GET"]}}],"collection":[{"href":"https:\/\/zonaroja.com.mx\/index.php?rest_route=\/wp\/v2\/posts"}],"about":[{"href":"https:\/\/zonaroja.com.mx\/index.php?rest_route=\/wp\/v2\/types\/post"}],"author":[{"embeddable":true,"href":"https:\/\/zonaroja.com.mx\/index.php?rest_route=\/wp\/v2\/users\/2"}],"replies":[{"embeddable":true,"href":"https:\/\/zonaroja.com.mx\/index.php?rest_route=%2Fwp%2Fv2%2Fcomments&post=77570"}],"version-history":[{"count":1,"href":"https:\/\/zonaroja.com.mx\/index.php?rest_route=\/wp\/v2\/posts\/77570\/revisions"}],"predecessor-version":[{"id":77572,"href":"https:\/\/zonaroja.com.mx\/index.php?rest_route=\/wp\/v2\/posts\/77570\/revisions\/77572"}],"wp:featuredmedia":[{"embeddable":true,"href":"https:\/\/zonaroja.com.mx\/index.php?rest_route=\/wp\/v2\/media\/77571"}],"wp:attachment":[{"href":"https:\/\/zonaroja.com.mx\/index.php?rest_route=%2Fwp%2Fv2%2Fmedia&parent=77570"}],"wp:term":[{"taxonomy":"category","embeddable":true,"href":"https:\/\/zonaroja.com.mx\/index.php?rest_route=%2Fwp%2Fv2%2Fcategories&post=77570"},{"taxonomy":"post_tag","embeddable":true,"href":"https:\/\/zonaroja.com.mx\/index.php?rest_route=%2Fwp%2Fv2%2Ftags&post=77570"}],"curies":[{"name":"wp","href":"https:\/\/api.w.org\/{rel}","templated":true}]}}