{"id":77573,"date":"2025-02-16T11:00:00","date_gmt":"2025-02-16T17:00:00","guid":{"rendered":"https:\/\/zonaroja.com.mx\/?p=77573"},"modified":"2025-02-16T07:27:22","modified_gmt":"2025-02-16T13:27:22","slug":"opinion-libertad-de-expresion","status":"publish","type":"post","link":"https:\/\/zonaroja.com.mx\/?p=77573","title":{"rendered":"Opini\u00f3n. \u00bfLibertad de expresi\u00f3n?"},"content":{"rendered":"\n<p>Soledad Jarqu\u00edn Edgar\/SemM\u00e9xico<\/p>\n\n\n\n<p>La libertad de expresi\u00f3n consagrada en el art\u00edculo 19 de la Declaraci\u00f3n Universal de los Derechos Humanos: Todo individuo tiene derecho a la libertad de opini\u00f3n y de expresi\u00f3n; este derecho incluye el de no ser molestado a causa de sus opiniones, el de investigar y recibir informaciones y opiniones, y el de difundirlas, sin limitaci\u00f3n de fronteras, por cualquier medio de expresi\u00f3n (1947), palidece ante acciones del poder grandote, mediano o chiquito, lo que pone en riesgo a las sociedades, siendo la parte m\u00e1s d\u00e9bil o vulnerable quien busca la informaci\u00f3n. Eso lo tenemos bien claro.<\/p>\n\n\n\n<p>Desde el poder se buscan formas, a veces muy organizadas y otras bastante burdas, para violar este derecho humano. Voy de afuera hacia adentro, un ejemplo concreto es Donald Trump, quien prohibi\u00f3 la entrada a uno de los reporteros de Associated Press (AP) a un evento en la Casa Blanca, por no acatar su orden ejecutiva de llamar al Golfo de M\u00e9xico como Golfo de Am\u00e9rica en la agencia de noticias, como ya lo hacen Apple Maps y Google Maps (o sea la real academia de la geograf\u00eda \u00bfo qu\u00e9?). para m\u00e1s berrinches del atrabancado presidente del vecino pa\u00eds del norte, la prestigiada agencia le respondi\u00f3 que no cambiar\u00e1 el nombre al Golfo de M\u00e9xico, mismo que lleva desde hace 400 a\u00f1os, franca que comparten Cuba, M\u00e9xico y Estados Unidos de Am\u00e9rica.<\/p>\n\n\n\n<p>Ese tipo de determinaciones marcar\u00e1n la era Trump 2 con la prensa, violando los derechos humanos de quienes informan y de quienes son informados, cosa que les tiene sin cuidado, ah\u00ed est\u00e1 la respuesta de Karoline Leavitt, portavoz de la Casa Blanca (o sea de Trump), quien sostuvo que a los medios que difundan mentiras les pedir\u00e1n cuentas. Dicho de otra forma, ellos ya establecieron su verdad y esa es la \u00fanica. Por supuesto que la editora ejecutiva de AP, Julie Pace lo dej\u00f3 bien claro: el decreto de Trump solo tiene autoridad dentro de Estados Unidos.<\/p>\n\n\n\n<p>Si Trump act\u00faa como un autoritario en M\u00e9xico tenemos nuestra propia tonadita para no cantar mal las rancheras. Delia Escobar reportera de Proceso hizo que la presidenta Claudia Sheinbaum se saliera de su lugar, le sac\u00f3 algunas chispas: T\u00fa quieres sacarme una declaraci\u00f3n que no te voy a dar, le respondi\u00f3 la presidenta a la reportera quien cuestion\u00f3 desde la pol\u00edtica de abrazos y no balazos y sobre la libertad del general Cienfuegos. Entonces la presidenta dijo que le preguntara al d\u00eda siguiente al fiscal mexicano Alejandro Gertz Manero.<\/p>\n\n\n\n<p>Lo que sigui\u00f3 fue tremendo, la voz de la presidenta ya ten\u00eda un tono de harta molestia, solo falt\u00f3 que apuntara con el dedito cuando \u201cconmin\u00f3\u201d a Delia Escobar a hacer una investigaci\u00f3n \u201cy nos la vienes a presentar aqu\u00ed a La ma\u00f1anera de: \u00bfpor qu\u00e9 se liber\u00f3 al general Cienfuegos?\u2026 \u00bfT\u00fa crees que si el gobierno de los Estados Unidos hubiera tenido realmente algo en contra del General Cienfuegos lo hubiera liberado?\u201d. La presidenta insisti\u00f3.<\/p>\n\n\n\n<p>La revista Proceso recibi\u00f3 no una respuesta sino una orden de trabajo. Para fortuna del periodismo, a Delia Escobar s\u00ed asisti\u00f3 al d\u00eda siguiente y pregunt\u00f3.<\/p>\n\n\n\n<p>En Chihuahua esta semana la periodista Dora Villalobos, responsable del portal Ecos de Mirabal de Dora Villalobos, con 38 a\u00f1os de trabajo profesional en la informaci\u00f3n, decidi\u00f3 hacer p\u00fablico el hostigamiento y amenaza por parte de Belinda L\u00f3pez Sroor, esposa de Federico Terrazas Seyffert, un empresario, bisnieto del que se dec\u00eda due\u00f1o de Chihuahua, el exgobernador en tiempo de don Porfirio, Luis Terrazas. La molestia surgi\u00f3 por la transmisi\u00f3n en vivo de la conferencia de prensa ofrecida por Mavy Sroor Moret, madre de Belinda y suegra de Federico por violencia familiar. Mavy tiene 82 a\u00f1os y ha sido despojada de sus bienes por Belinda y otras dos hermanas.<\/p>\n\n\n\n<p>Al gremio period\u00edstico nos queda solo preguntar y exponer los hechos. Desde el periodismo se informa a la sociedad. Su trabajo est\u00e1 basado en hechos concretos y se amplia mediante la investigaci\u00f3n. Pero es ante todo el ejercicio de un derecho. Impedir, obstaculizar, negar, perseguir, agredir \u2026 al periodista atenta no solo contra el periodista y su medio, sino contra toda la sociedad.<\/p>\n\n\n\n<p>*Periodista y activista feminista.<\/p>\n","protected":false},"excerpt":{"rendered":"<p>Soledad Jarqu\u00edn Edgar\/SemM\u00e9xico La libertad de expresi\u00f3n consagrada en el art\u00edculo 19 de la Declaraci\u00f3n&hellip;<\/p>\n","protected":false},"author":2,"featured_media":68029,"comment_status":"closed","ping_status":"open","sticky":false,"template":"","format":"standard","meta":{"_lmt_disableupdate":"","_lmt_disable":"","_jetpack_memberships_contains_paid_content":false,"footnotes":""},"categories":[456,109],"tags":[1105],"class_list":["post-77573","post","type-post","status-publish","format-standard","has-post-thumbnail","hentry","category-columna","category-minuto-a-minuto","tag-soledad-jarquin-edgar"],"jetpack_featured_media_url":"https:\/\/zonaroja.com.mx\/wp-content\/uploads\/2024\/05\/Soledad-Jarquin-Edgar.jpg","jetpack_sharing_enabled":true,"_links":{"self":[{"href":"https:\/\/zonaroja.com.mx\/index.php?rest_route=\/wp\/v2\/posts\/77573","targetHints":{"allow":["GET"]}}],"collection":[{"href":"https:\/\/zonaroja.com.mx\/index.php?rest_route=\/wp\/v2\/posts"}],"about":[{"href":"https:\/\/zonaroja.com.mx\/index.php?rest_route=\/wp\/v2\/types\/post"}],"author":[{"embeddable":true,"href":"https:\/\/zonaroja.com.mx\/index.php?rest_route=\/wp\/v2\/users\/2"}],"replies":[{"embeddable":true,"href":"https:\/\/zonaroja.com.mx\/index.php?rest_route=%2Fwp%2Fv2%2Fcomments&post=77573"}],"version-history":[{"count":1,"href":"https:\/\/zonaroja.com.mx\/index.php?rest_route=\/wp\/v2\/posts\/77573\/revisions"}],"predecessor-version":[{"id":77574,"href":"https:\/\/zonaroja.com.mx\/index.php?rest_route=\/wp\/v2\/posts\/77573\/revisions\/77574"}],"wp:featuredmedia":[{"embeddable":true,"href":"https:\/\/zonaroja.com.mx\/index.php?rest_route=\/wp\/v2\/media\/68029"}],"wp:attachment":[{"href":"https:\/\/zonaroja.com.mx\/index.php?rest_route=%2Fwp%2Fv2%2Fmedia&parent=77573"}],"wp:term":[{"taxonomy":"category","embeddable":true,"href":"https:\/\/zonaroja.com.mx\/index.php?rest_route=%2Fwp%2Fv2%2Fcategories&post=77573"},{"taxonomy":"post_tag","embeddable":true,"href":"https:\/\/zonaroja.com.mx\/index.php?rest_route=%2Fwp%2Fv2%2Ftags&post=77573"}],"curies":[{"name":"wp","href":"https:\/\/api.w.org\/{rel}","templated":true}]}}