{"id":77587,"date":"2025-02-16T19:22:50","date_gmt":"2025-02-17T01:22:50","guid":{"rendered":"https:\/\/zonaroja.com.mx\/?p=77587"},"modified":"2025-02-16T19:22:52","modified_gmt":"2025-02-17T01:22:52","slug":"opinion-que-es-el-periodismo","status":"publish","type":"post","link":"https:\/\/zonaroja.com.mx\/?p=77587","title":{"rendered":"Opini\u00f3n. \u00bfQu\u00e9 es el periodismo?"},"content":{"rendered":"\n<p>Diego Enrique Osorno*<\/p>\n\n\n\n<p>Van viejos apuntes para el periodismo de los nuevos tiempos. Henning Mankell escribe en La pista falsa: \u201cHay dos tipos de escritores. Uno es el tipo que cava la tierra en busca de la verdad. Est\u00e1 abajo en el hoyo echando la tierra hacia arriba. Pero encima de \u00e9l hay otro hombre devolviendo la tierra abajo. \u00c9l tambi\u00e9n es periodista. Entre ambos siempre hay un duelo&#8230; Los hombres del poder siempre tienen empresas de limpiezas y funerarias simb\u00f3licas. Hay cantidad de periodistas que no dudar\u00edan en vender sus almas para ejecutar los recados de los poderosos. Volver a tapar la tierra. Enterrar los esc\u00e1ndalos. Elevar las apariencias a verdades, garantizar la ilusi\u00f3n de la sociedad limpia\u201d.<\/p>\n\n\n\n<p>***<\/p>\n\n\n\n<p>Arca de la Alianza, flor de las adormideras, sobresueldo legendario, reclasificaci\u00f3n jer\u00e1rquica, ganancia en las escaramuzas privadas a favor de la patria \u2013obviamente\u2013, tentaci\u00f3n sin riesgo de pecado, lontananza de los aspirantes sin vocaci\u00f3n, escollo donde se trituran las vocaciones, el embute (el chayote, el cochupo, el sobre) era, en la prensa mexicana del siglo pasado, la instituci\u00f3n que prescinde de la fe y s\u00f3lo se ocupa de la demostraci\u00f3n, explicaba Carlos Monsiv\u00e1is. El embute, equivalente period\u00edstico de la mordida. \u201c\u00a1El se\u00f1or licenciado Fulano inaugur\u00f3 el pa\u00eds!\u201d.<\/p>\n\n\n\n<p>***<\/p>\n\n\n\n<p>Cito un pasaje de \u201cLa sombra del caudillo\u201d, de Mart\u00edn Luis Guzm\u00e1n:<\/p>\n\n\n\n<p>&#8211; Muy interesante relato, sin duda. Pero niego la autenticidad de los hechos: Hilario, como funcionario y como hombre, est\u00e1 por encima de tales peque\u00f1eces.<\/p>\n\n\n\n<p>&#8211; \u00bfY si yo le asegurara a usted que es verdad cuanto ah\u00ed se escribe?<\/p>\n\n\n\n<p>Aguirre quiso en esta forma cerrar de un solo golpe todas las salidas.<\/p>\n\n\n\n<p>&#8211; Pues entonces creer\u00eda yo- replic\u00f3 el Presidente- que la pasi\u00f3n lo ciega a usted, y le recomendar\u00eda el camino de los tribunales.<\/p>\n\n\n\n<p>Aguirre, encendido, olvid\u00f3 sus h\u00e1bitos de respeto.<\/p>\n\n\n\n<p>&#8211; \u00a1Pero a eso yo pod\u00eda responder, mi General, qu\u00e9 tribunales, para un hombre de la pol\u00edtica de Jim\u00e9nez, son tambi\u00e9n peque\u00f1eces!<\/p>\n\n\n\n<p>&#8211; No, Aguirre; no contestar\u00eda usted as\u00ed. Porque esas cosas, cuando yo gobierno, no se dicen en mi presencia.<\/p>\n\n\n\n<p>***<\/p>\n\n\n\n<p>Francisco Zarco, nacionalista comprometido del periodismo liberal en ciernes, a trav\u00e9s de un diario llamado Siglo XIX afirmaba: \u201cSabemos que nada es un peri\u00f3dico si no representa una opini\u00f3n; cre\u00edmos que el nuestro representaba la opini\u00f3n oprimida y que era conveniente que d\u00eda a d\u00eda se presentara al gobernante con la mordaza en la boca\u201d.<\/p>\n\n\n\n<p>***<\/p>\n\n\n\n<p>\u201cYo he de seguir escribiendo como hasta hoy, y tenga usted muy presente que cuando comenc\u00e9 esta tarea, me convenc\u00ed de que en lo m\u00e1s que puedo parar, es en cuatro velas y un petate\u201d. El periodista Juan Bautista contest\u00f3 as\u00ed a Antonio L\u00f3pez de Santa Ana, luego de que \u00e9ste le advirtiera que no siguiera critic\u00e1ndolo en sus art\u00edculos.<\/p>\n\n\n\n<p>***<\/p>\n\n\n\n<p>Como dec\u00eda Monsiv\u00e1is los ejes de la cultura pol\u00edtica mexicana eran el apoyo incondicional a los reg\u00edmenes en turno&#8230; y el conformismo, la aceptaci\u00f3n pasiva de las interpretaciones hist\u00f3ricas de escuela primaria, el oportunismo (entendido como la v\u00eda m\u00e1s racional de acceso al poder), la divisi\u00f3n clar\u00edsima entre el lenguaje p\u00fablico (la solemnidad) y el lenguaje privado (la picaresca).<\/p>\n\n\n\n<p>***<\/p>\n\n\n\n<p>Una legendaria esquela en tiempos del priismo: \u201cLa ni\u00f1a Amparito Gonz\u00e1lez vol\u00f3 al cielo a la tierna edad de tres a\u00f1os. Sus atribulados padres lo comunican con aflicci\u00f3n y aprovechan la oportunidad para solidarizarse con la candidatura del licenciado Miguel Alem\u00e1n Vald\u00e9s a la Presidencia de la Rep\u00fablica\u201d.<\/p>\n\n\n\n<p>***<\/p>\n\n\n\n<p>\u201cNo tener una idea y poder expresarla: eso hace al periodista\u201d. Karl Krauss.<\/p>\n\n\n\n<p>*Escritor y periodista.<\/p>\n\n\n\n<p>@DiegoEOsorno<\/p>\n","protected":false},"excerpt":{"rendered":"<p>Diego Enrique Osorno* Van viejos apuntes para el periodismo de los nuevos tiempos. Henning Mankell&hellip;<\/p>\n","protected":false},"author":2,"featured_media":67760,"comment_status":"closed","ping_status":"open","sticky":false,"template":"","format":"standard","meta":{"_lmt_disableupdate":"","_lmt_disable":"","_jetpack_memberships_contains_paid_content":false,"footnotes":""},"categories":[456,109],"tags":[3020],"class_list":["post-77587","post","type-post","status-publish","format-standard","has-post-thumbnail","hentry","category-columna","category-minuto-a-minuto","tag-diego-enrique-osorno"],"jetpack_featured_media_url":"https:\/\/zonaroja.com.mx\/wp-content\/uploads\/2024\/04\/Diego-Enrique-Osorno.jpeg","jetpack_sharing_enabled":true,"_links":{"self":[{"href":"https:\/\/zonaroja.com.mx\/index.php?rest_route=\/wp\/v2\/posts\/77587","targetHints":{"allow":["GET"]}}],"collection":[{"href":"https:\/\/zonaroja.com.mx\/index.php?rest_route=\/wp\/v2\/posts"}],"about":[{"href":"https:\/\/zonaroja.com.mx\/index.php?rest_route=\/wp\/v2\/types\/post"}],"author":[{"embeddable":true,"href":"https:\/\/zonaroja.com.mx\/index.php?rest_route=\/wp\/v2\/users\/2"}],"replies":[{"embeddable":true,"href":"https:\/\/zonaroja.com.mx\/index.php?rest_route=%2Fwp%2Fv2%2Fcomments&post=77587"}],"version-history":[{"count":1,"href":"https:\/\/zonaroja.com.mx\/index.php?rest_route=\/wp\/v2\/posts\/77587\/revisions"}],"predecessor-version":[{"id":77588,"href":"https:\/\/zonaroja.com.mx\/index.php?rest_route=\/wp\/v2\/posts\/77587\/revisions\/77588"}],"wp:featuredmedia":[{"embeddable":true,"href":"https:\/\/zonaroja.com.mx\/index.php?rest_route=\/wp\/v2\/media\/67760"}],"wp:attachment":[{"href":"https:\/\/zonaroja.com.mx\/index.php?rest_route=%2Fwp%2Fv2%2Fmedia&parent=77587"}],"wp:term":[{"taxonomy":"category","embeddable":true,"href":"https:\/\/zonaroja.com.mx\/index.php?rest_route=%2Fwp%2Fv2%2Fcategories&post=77587"},{"taxonomy":"post_tag","embeddable":true,"href":"https:\/\/zonaroja.com.mx\/index.php?rest_route=%2Fwp%2Fv2%2Ftags&post=77587"}],"curies":[{"name":"wp","href":"https:\/\/api.w.org\/{rel}","templated":true}]}}