{"id":77589,"date":"2025-02-17T07:15:00","date_gmt":"2025-02-17T13:15:00","guid":{"rendered":"https:\/\/zonaroja.com.mx\/?p=77589"},"modified":"2025-02-17T06:57:31","modified_gmt":"2025-02-17T12:57:31","slug":"envian-a-prision-a-dos-presuntos-homicidas-de-enfermero-en-pochutla","status":"publish","type":"post","link":"https:\/\/zonaroja.com.mx\/?p=77589","title":{"rendered":"Env\u00edan a prisi\u00f3n a dos presuntos homicidas de enfermero en Pochutla"},"content":{"rendered":"\n<p>Redacci\u00f3n\/Zona Roja.&nbsp;<\/p>\n\n\n\n<p>Oaxaca de Ju\u00e1rez, Oax., a 17 de febrero de 2025.- La Fiscal\u00eda General del Estado de Oaxaca (FGEO) obtuvo auto de vinculaci\u00f3n a proceso y prisi\u00f3n preventiva en contra de una persona del sexo masculino identificada como J.F.A.P. y una mujer identificada como A.G.C., por el delito de homicidio calificado en agravio de un hombre que en vida respondi\u00f3 al nombre de R.M.P, en hechos ocurridos en la regi\u00f3n de la Costa.<\/p>\n\n\n\n<p>De acuerdo con lo asentado en el expediente penal, el homicidio ocurri\u00f3 el 13 de diciembre de 2024, cuando la v\u00edctima se encontraba en inmediaciones del municipio de San Pedro Pochutla, sitio en donde fue agredido con un arma punzo-cortante (cuchillo) para despojarlo de sus pertenencias.<\/p>\n\n\n\n<p>La investigaci\u00f3n detalla que, sus agresores huyeron del lugar a bordo de una motocicleta. Mientras que, la v\u00edctima (de profesi\u00f3n enfermero y originario del Istmo de Tehuantepec) fue trasladada a un hospital para recibir atenci\u00f3n m\u00e9dica, sitio en el que falleci\u00f3 horas m\u00e1s tarde, a consecuencia de las heridas que sufri\u00f3 en dicho ataque.<\/p>\n\n\n\n<p>Tras estos hechos, la FGEO inici\u00f3 las investigaciones correspondientes a trav\u00e9s de la Vice fiscal\u00eda Regional de la Costa, el Instituto de Servicios Periciales y Agentes Estatales de Investigaci\u00f3n, gracias a las cuales fue posible la detenci\u00f3n de J.F.A.P. y A.G.C., quienes fueron presentados ante el juzgado correspondiente.<\/p>\n\n\n\n<p>Derivado de los datos de prueba aportados por la FGEO, el Juez que atiende la causa determin\u00f3 vincular a proceso a los imputados por el delito de Homicidio Calificado, imponiendo la medida cautelar de prisi\u00f3n preventiva oficiosa, adem\u00e1s de conceder el plazo de tres meses para el cierre de la investigaci\u00f3n complementaria.<\/p>\n\n\n\n<p>SENTENCIADO A 37 A\u00d1OS<\/p>\n\n\n\n<p>En otro caso, La Fiscal\u00eda General obtuvo sentencia condenatoria de 37 a\u00f1os y 6 meses de prisi\u00f3n en contra de una persona del sexo masculino identificada como Eduardo M.R., por el delito de Homicidio calificado con ventaja, en hechos sucedidos en la regi\u00f3n de los Valles Centrales.<\/p>\n\n\n\n<p>De acuerdo con el expediente penal del caso, los hechos ocurrieron el 25 de agosto de 2022, en un domicilio ubicado en la privada de Venustiano Carranza, en la agencia municipal de San Juan Chapultepec, perteneciente al municipio de Oaxaca de Ju\u00e1rez.<\/p>\n\n\n\n<p>En el lugar, Eduardo M.R. agredi\u00f3 a la v\u00edctima, identificada como F.J.V., con disparos de arma de fuego, provocando lesiones a consecuencia de las cuales perdi\u00f3 la vida. Las indagatorias permitieron establecer que el imputado formaba parte de una pandilla local que se autodenominada&nbsp;\u201ccholos\u201d.<\/p>\n\n\n\n<p>Luego de tener conocimiento de los hechos, la FGEO, realiz\u00f3 las investigaciones correspondientes, a trav\u00e9s de la Fiscal\u00eda Especializada para la Atenci\u00f3n a Delitos de Alto Impacto, logrando reunir los datos de prueba pertinentes para acreditar la responsabilidad del delito y con ello, presentar al imputado ante el Juez.<\/p>\n\n\n\n<p>Tras el desahogo de pruebas aportadas por la Fiscal\u00eda de Oaxaca, el Tribunal de Enjuiciamiento dict\u00f3 sentencia condenatoria de 37 a\u00f1os y 6 meses de prisi\u00f3n en contra de Eduardo M.R., por su responsabilidad en la comisi\u00f3n del delito de homicidio calificado con ventaja, adem\u00e1s de imponer el pago de m\u00e1s de 480 mil pesos por concepto de reparaci\u00f3n del da\u00f1o.<\/p>\n","protected":false},"excerpt":{"rendered":"<p>Redacci\u00f3n\/Zona Roja.&nbsp; Oaxaca de Ju\u00e1rez, Oax., a 17 de febrero de 2025.- La Fiscal\u00eda General&hellip;<\/p>\n","protected":false},"author":2,"featured_media":77590,"comment_status":"closed","ping_status":"open","sticky":false,"template":"","format":"standard","meta":{"_lmt_disableupdate":"","_lmt_disable":"","_jetpack_memberships_contains_paid_content":false,"footnotes":""},"categories":[109,46],"tags":[494],"class_list":["post-77589","post","type-post","status-publish","format-standard","has-post-thumbnail","hentry","category-minuto-a-minuto","category-zona-blanca","tag-fiscalia-general-del-estado-de-oaxaca"],"jetpack_featured_media_url":"https:\/\/zonaroja.com.mx\/wp-content\/uploads\/2025\/02\/Homicidas-enfermero-Pochutla.jpeg","jetpack_sharing_enabled":true,"_links":{"self":[{"href":"https:\/\/zonaroja.com.mx\/index.php?rest_route=\/wp\/v2\/posts\/77589","targetHints":{"allow":["GET"]}}],"collection":[{"href":"https:\/\/zonaroja.com.mx\/index.php?rest_route=\/wp\/v2\/posts"}],"about":[{"href":"https:\/\/zonaroja.com.mx\/index.php?rest_route=\/wp\/v2\/types\/post"}],"author":[{"embeddable":true,"href":"https:\/\/zonaroja.com.mx\/index.php?rest_route=\/wp\/v2\/users\/2"}],"replies":[{"embeddable":true,"href":"https:\/\/zonaroja.com.mx\/index.php?rest_route=%2Fwp%2Fv2%2Fcomments&post=77589"}],"version-history":[{"count":1,"href":"https:\/\/zonaroja.com.mx\/index.php?rest_route=\/wp\/v2\/posts\/77589\/revisions"}],"predecessor-version":[{"id":77591,"href":"https:\/\/zonaroja.com.mx\/index.php?rest_route=\/wp\/v2\/posts\/77589\/revisions\/77591"}],"wp:featuredmedia":[{"embeddable":true,"href":"https:\/\/zonaroja.com.mx\/index.php?rest_route=\/wp\/v2\/media\/77590"}],"wp:attachment":[{"href":"https:\/\/zonaroja.com.mx\/index.php?rest_route=%2Fwp%2Fv2%2Fmedia&parent=77589"}],"wp:term":[{"taxonomy":"category","embeddable":true,"href":"https:\/\/zonaroja.com.mx\/index.php?rest_route=%2Fwp%2Fv2%2Fcategories&post=77589"},{"taxonomy":"post_tag","embeddable":true,"href":"https:\/\/zonaroja.com.mx\/index.php?rest_route=%2Fwp%2Fv2%2Ftags&post=77589"}],"curies":[{"name":"wp","href":"https:\/\/api.w.org\/{rel}","templated":true}]}}