{"id":77595,"date":"2025-02-17T08:15:00","date_gmt":"2025-02-17T14:15:00","guid":{"rendered":"https:\/\/zonaroja.com.mx\/?p=77595"},"modified":"2025-02-17T07:25:04","modified_gmt":"2025-02-17T13:25:04","slug":"demandan-organizaciones-justicia-por-crimenes-de-militantes-de-ucizoni","status":"publish","type":"post","link":"https:\/\/zonaroja.com.mx\/?p=77595","title":{"rendered":"Demandan organizaciones justicia por cr\u00edmenes de militantes de Ucizoni"},"content":{"rendered":"\n<p>Raymundo Morales\/Zona Roja.<\/p>\n\n\n\n<p>Oaxaca de Ju\u00e1rez, Oax., a 17 de febrero de 2025.- Al menos un centenar de organizaciones sociales emiti\u00f3 un pronunciamiento para exigir justicia por el triple homicidio registrado el pasado jueves en Santo Domingo Petapa y cuyas v\u00edctimas eran militantes de la Ucizoni.<\/p>\n\n\n\n<p>Condenamos y denunciamos la emboscada ocurrida en la zona lim\u00edtrofe entre Santo Domingo Petapa y San Juan Mazatl\u00e1n, Oaxaca, en la que fueron asesinados tres compa\u00f1eros de la Uni\u00f3n de Comunidades Ind\u00edgenas de la Zona Norte del Istmo (Ucizoni) y donde la comunidad de El Platanillo sigue bajo grave amenaza\u201d, destacaron.<\/p>\n\n\n\n<p>Demandaron respuestas inmediatas del Estado mexicano y la aplicaci\u00f3n de medidas urgentes. \u201cNo aceptamos simulaciones ni dilaciones\u201d.<\/p>\n\n\n\n<p>Al mismo tiempo, responsabilizaron a los gobiernos estatal y federal de la escalada de violencia \u201cque no solo persiste en la regi\u00f3n, sino en todo el pa\u00eds\u201d.<\/p>\n\n\n\n<p>Agregaron:<\/p>\n\n\n\n<p>\u201cLas estrategias de exterminio y despojo contra los pueblos ind\u00edgenas son hoy el rostro de la autodenominada Cuarta Transformaci\u00f3n, que en Oaxaca y en muchas otras regiones del pa\u00eds ha pactado con intereses econ\u00f3micos y militares a costa de la vida de nuestras comunidades\u201d.<\/p>\n\n\n\n<p>Entre ellos, se\u00f1alaron los megaproyectos \u201cde muerte\u201d, como el Corredor Interoce\u00e1nico del Istmo de Tehuantepec, el Tren Maya y el Proyecto Integral Morelos, \u201cque avanzan con la militarizaci\u00f3n, la represi\u00f3n, el asesinato y la desaparici\u00f3n de quienes resisten\u201d.&nbsp;<\/p>\n\n\n\n<p>En cuatro puntos de su pronunciamiento, exigen a la presidenta Claudia Sheinbaum Pardo, que asuma su responsabilidad y act\u00fae de inmediato ante estos cr\u00edmenes.<\/p>\n\n\n\n<p>A la Fiscal\u00eda General de la Rep\u00fablica y a la Fiscal\u00eda General de Justicia del Estado de Oaxaca, que se investigue, detenga y castigue a los responsables materiales e intelectuales de estos asesinatos.&nbsp;<\/p>\n\n\n\n<p>Al Gobierno del Estado de Oaxaca y a la Secretar\u00eda de Gobernaci\u00f3n, que act\u00faen de inmediato y dicten medidas de protecci\u00f3n urgentes para detener las agresiones contra la comunidad de El Platanillo y otras comunidades en riesgo.<\/p>\n\n\n\n<p>Al Mecanismo de Protecci\u00f3n para Personas Defensoras de Derechos Humanos y Periodistas, que implemente acciones reales y efectivas para garantizar la seguridad de las y los defensores comunitarios en la regi\u00f3n. No m\u00e1s medidas burocr\u00e1ticas que llegan demasiado tarde.<\/p>\n\n\n\n<p>El documento lo firman, entre otros, el Centro de Derechos Humanos Antonio Esteban A.C.; Luz y Fuerza del Pueblo de Chiapas; Coordinadora Nacional Plan de Ayala, Movimiento Nacional; Centro de Derechos Humanos de los Pueblos del Sur de Veracruz Bety Cari\u00f1o; Proceso de Articulaci\u00f3n de la Sierra de Santa Marta; Fuerza Social Choapense A.C.; Resistencia Civil Oaxaca y Veracruz.<\/p>\n\n\n\n<p>Movimiento de Unificaci\u00f3n y Lucha Triqui Independiente; Radios Ecos de la Sal 104.1 FM, Zapotitl\u00e1n Salinas, Puebla; CNI-Totonacapan; Red Unida por los Derechos Humanos RUDH A.C.<\/p>\n\n\n\n<p>Corriente del Pueblo Sol Rojo; Movimiento Agrario Ind\u00edgena Zapatista (MA\u00cdZ); Centro de Apoyo al Movimiento Popular Oaxaque\u00f1o A.C. (CAMPO); Consorcio para el Di\u00e1logo Parlamentario y la Equidad Oaxaca; Frente Popular Revolucionario (FPR); Frente de Pueblos en Defensa de la Tierra y el Agua, Morelos, Puebla y Tlaxcala (FPDTA-MPT); Grupo de Familias Desplazadas de San Juan Copala; Betyren Lagunak, Euskal Herria (Pa\u00eds Vasco)<\/p>\n\n\n\n<p>Centro de Derechos Humanos Tepeyac del Istmo de Tehuantepec A.C.; Red de Radios Ind\u00edgenas y Comunitarias del Sureste Mexicano; B\u00e1rbara Zamora, Bufete Jur\u00eddico Tierra y Libertad; Servicios para una Educaci\u00f3n Alternativa A.C. (EDUCA); RACDES (El Salvador); UNTA-Oaxaca; Comit\u00e9 de Vecinas y Vecinos en Defensa del R\u00edo Cotaxtla, Veracruz; Mazatecas por la Libertad de Eloxochitl\u00e1n de Flores Mag\u00f3n, Oaxaca, M\u00e9xico.<\/p>\n","protected":false},"excerpt":{"rendered":"<p>Raymundo Morales\/Zona Roja. Oaxaca de Ju\u00e1rez, Oax., a 17 de febrero de 2025.- Al menos&hellip;<\/p>\n","protected":false},"author":2,"featured_media":77560,"comment_status":"closed","ping_status":"open","sticky":false,"template":"","format":"standard","meta":{"_lmt_disableupdate":"","_lmt_disable":"","_jetpack_memberships_contains_paid_content":false,"footnotes":""},"categories":[109,47],"tags":[4220],"class_list":["post-77595","post","type-post","status-publish","format-standard","has-post-thumbnail","hentry","category-minuto-a-minuto","category-zona-gris","tag-san-isidro-platanillo"],"jetpack_featured_media_url":"https:\/\/zonaroja.com.mx\/wp-content\/uploads\/2025\/02\/El-Platanillo-Santo-Domingo-Petapa.webp","jetpack_sharing_enabled":true,"_links":{"self":[{"href":"https:\/\/zonaroja.com.mx\/index.php?rest_route=\/wp\/v2\/posts\/77595","targetHints":{"allow":["GET"]}}],"collection":[{"href":"https:\/\/zonaroja.com.mx\/index.php?rest_route=\/wp\/v2\/posts"}],"about":[{"href":"https:\/\/zonaroja.com.mx\/index.php?rest_route=\/wp\/v2\/types\/post"}],"author":[{"embeddable":true,"href":"https:\/\/zonaroja.com.mx\/index.php?rest_route=\/wp\/v2\/users\/2"}],"replies":[{"embeddable":true,"href":"https:\/\/zonaroja.com.mx\/index.php?rest_route=%2Fwp%2Fv2%2Fcomments&post=77595"}],"version-history":[{"count":1,"href":"https:\/\/zonaroja.com.mx\/index.php?rest_route=\/wp\/v2\/posts\/77595\/revisions"}],"predecessor-version":[{"id":77596,"href":"https:\/\/zonaroja.com.mx\/index.php?rest_route=\/wp\/v2\/posts\/77595\/revisions\/77596"}],"wp:featuredmedia":[{"embeddable":true,"href":"https:\/\/zonaroja.com.mx\/index.php?rest_route=\/wp\/v2\/media\/77560"}],"wp:attachment":[{"href":"https:\/\/zonaroja.com.mx\/index.php?rest_route=%2Fwp%2Fv2%2Fmedia&parent=77595"}],"wp:term":[{"taxonomy":"category","embeddable":true,"href":"https:\/\/zonaroja.com.mx\/index.php?rest_route=%2Fwp%2Fv2%2Fcategories&post=77595"},{"taxonomy":"post_tag","embeddable":true,"href":"https:\/\/zonaroja.com.mx\/index.php?rest_route=%2Fwp%2Fv2%2Ftags&post=77595"}],"curies":[{"name":"wp","href":"https:\/\/api.w.org\/{rel}","templated":true}]}}