{"id":77597,"date":"2025-02-17T11:15:00","date_gmt":"2025-02-17T17:15:00","guid":{"rendered":"https:\/\/zonaroja.com.mx\/?p=77597"},"modified":"2025-02-17T07:29:11","modified_gmt":"2025-02-17T13:29:11","slug":"presentan-a-inversionistas-plan-de-acompanamiento-al-corredor-del-istmo","status":"publish","type":"post","link":"https:\/\/zonaroja.com.mx\/?p=77597","title":{"rendered":"Presentan a inversionistas plan de acompa\u00f1amiento al Corredor del Istmo"},"content":{"rendered":"\n<p>Raymundo Morales\/Zona Roja.<\/p>\n\n\n\n<p>Oaxaca de Ju\u00e1rez, Oax., a 17 de febrero de 2025.- El Senado de la Rep\u00fablica present\u00f3 a empresarios el Plan de Trabajo con el que dar\u00e1 seguimiento al proyecto del Corredor Interoce\u00e1nico del Istmo de Tehuantepec (CIIT), al destacar el presidente de la Comisi\u00f3n Especial, Antonino Morales Toledo, que hoy en d\u00eda m\u00e1s del 80% de las mercanc\u00edas movilizadas en el mundo se transportan por la v\u00eda mar\u00edtima y M\u00e9xico se coloca a la vanguardia con este centro intermodal.<\/p>\n\n\n\n<p>En la reuni\u00f3n efectuada en Oaxaca, el legislador dijo ante representantes de c\u00e1maras de comercio y empresarios e integrantes del sector industrial y de servicios de Oaxaca, que el Senado est\u00e1 comprometido a acompa\u00f1ar este proyecto estrat\u00e9gico con las reformas legales necesarias, para incentivar las inversiones y el crecimiento del sur y sureste del pa\u00eds.<\/p>\n\n\n\n<p>El senador Nino Morales mencion\u00f3 que la presidenta Claudia Sheinbaum tiene especial inter\u00e9s en este proyecto que beneficiar\u00e1 a doce polos de desarrollo en Oaxaca, Veracruz y Chiapas, por lo que el Senado est\u00e1 listo para discutir en este periodo las reformas previstas en el Plan M\u00e9xico que buscan impulsar el desarrollo nacional.<\/p>\n\n\n\n<p>En ese sentido, el senador Morales Toledo present\u00f3 a los inversionistas el Plan de Trabajo aprobado por la Comisi\u00f3n Especial, que prev\u00e9 el an\u00e1lisis de instrumentos jur\u00eddicos y normativos que promuevan la participaci\u00f3n de las comunidades locales en el desarrollo.<\/p>\n\n\n\n<p>\u201cHabr\u00e1 especial atenci\u00f3n en desarrollo regional, bienestar, infraestructura, innovaci\u00f3n industrial y tecnol\u00f3gica, promoci\u00f3n de inversiones y desarrollo comercial\u201d, estableci\u00f3.<\/p>\n\n\n\n<p>Al hacer notar que, siempre, las reformas se apegar\u00e1n al marco constitucional y a los lineamientos del Plan Nacional de Desarrollo que se presentar\u00e1 en los pr\u00f3ximos d\u00edas.<\/p>\n\n\n\n<p>Por su parte, el Coordinador General de Promociones del CIIT, Contraalmirante Alfonso Fabi\u00e1n Gonz\u00e1lez Belmonte, present\u00f3 la estrategia y avances del Corredor Interoce\u00e1nico, con su comercial y estrat\u00e9gico, as\u00ed como las \u00e1reas de inversi\u00f3n, infraestructura y proyectos de desarrollo. &nbsp;<\/p>\n\n\n\n<p>En la presentaci\u00f3n, se destac\u00f3 que el Corredor Interoce\u00e1nico del Istmo de Tehuantepec es un proyecto estrat\u00e9gico mar\u00edtimo de seguridad nacional, con el objetivo de impulsar la regi\u00f3n como una plataforma log\u00edstica multimodal para el desarrollo y bienestar del Istmo de Tehuantepec, con doce Polos de Desarrollo del Bienestar, que unir\u00e1 a los oc\u00e9anos Pac\u00edfico y Atl\u00e1ntico a trav\u00e9s de tres l\u00edneas f\u00e9rreas que suman 1,200 kil\u00f3metros de v\u00edas.<\/p>\n\n\n\n<p>Su zona de influencia comprende los estados de Veracruz, Oaxaca, Tabasco y Chiapas, donde se asientan 105 municipios y beneficiar\u00e1 a una poblaci\u00f3n de 4 millones 677 mil personas, uniendo a los puertos de Coatzacoalcos y Salina Cruz.&nbsp;<\/p>\n\n\n\n<p>En la reuni\u00f3n particip\u00f3 tambi\u00e9n el secretario de Desarrollo Econ\u00f3mico del Gobierno de Oaxaca (Sedeco) Ra\u00fal Ruiz Robles quien asegur\u00f3 que el CIIT ser\u00e1 determinante para impulsar a la industria oaxaque\u00f1a, al ser un proyecto nacional enfocado en transformar a M\u00e9xico como l\u00edder en el comercio internacional y detonar el desarrollo econ\u00f3mico del Sur- Sureste.<\/p>\n","protected":false},"excerpt":{"rendered":"<p>Raymundo Morales\/Zona Roja. Oaxaca de Ju\u00e1rez, Oax., a 17 de febrero de 2025.- El Senado&hellip;<\/p>\n","protected":false},"author":2,"featured_media":77598,"comment_status":"closed","ping_status":"open","sticky":false,"template":"","format":"standard","meta":{"_lmt_disableupdate":"","_lmt_disable":"","_jetpack_memberships_contains_paid_content":false,"footnotes":""},"categories":[109,46],"tags":[180],"class_list":["post-77597","post","type-post","status-publish","format-standard","has-post-thumbnail","hentry","category-minuto-a-minuto","category-zona-blanca","tag-antonino-morales-toledo"],"jetpack_featured_media_url":"https:\/\/zonaroja.com.mx\/wp-content\/uploads\/2025\/02\/Senador-Antonino-Morales-y-empressarios.jpg","jetpack_sharing_enabled":true,"_links":{"self":[{"href":"https:\/\/zonaroja.com.mx\/index.php?rest_route=\/wp\/v2\/posts\/77597","targetHints":{"allow":["GET"]}}],"collection":[{"href":"https:\/\/zonaroja.com.mx\/index.php?rest_route=\/wp\/v2\/posts"}],"about":[{"href":"https:\/\/zonaroja.com.mx\/index.php?rest_route=\/wp\/v2\/types\/post"}],"author":[{"embeddable":true,"href":"https:\/\/zonaroja.com.mx\/index.php?rest_route=\/wp\/v2\/users\/2"}],"replies":[{"embeddable":true,"href":"https:\/\/zonaroja.com.mx\/index.php?rest_route=%2Fwp%2Fv2%2Fcomments&post=77597"}],"version-history":[{"count":1,"href":"https:\/\/zonaroja.com.mx\/index.php?rest_route=\/wp\/v2\/posts\/77597\/revisions"}],"predecessor-version":[{"id":77599,"href":"https:\/\/zonaroja.com.mx\/index.php?rest_route=\/wp\/v2\/posts\/77597\/revisions\/77599"}],"wp:featuredmedia":[{"embeddable":true,"href":"https:\/\/zonaroja.com.mx\/index.php?rest_route=\/wp\/v2\/media\/77598"}],"wp:attachment":[{"href":"https:\/\/zonaroja.com.mx\/index.php?rest_route=%2Fwp%2Fv2%2Fmedia&parent=77597"}],"wp:term":[{"taxonomy":"category","embeddable":true,"href":"https:\/\/zonaroja.com.mx\/index.php?rest_route=%2Fwp%2Fv2%2Fcategories&post=77597"},{"taxonomy":"post_tag","embeddable":true,"href":"https:\/\/zonaroja.com.mx\/index.php?rest_route=%2Fwp%2Fv2%2Ftags&post=77597"}],"curies":[{"name":"wp","href":"https:\/\/api.w.org\/{rel}","templated":true}]}}