{"id":77602,"date":"2025-02-17T10:33:00","date_gmt":"2025-02-17T16:33:00","guid":{"rendered":"https:\/\/zonaroja.com.mx\/?p=77602"},"modified":"2025-02-17T10:50:29","modified_gmt":"2025-02-17T16:50:29","slug":"opinion-murat-y-la-carta-de-impunidad-que-le-extendio-morena","status":"publish","type":"post","link":"https:\/\/zonaroja.com.mx\/?p=77602","title":{"rendered":"Opini\u00f3n. Murat y la carta de impunidad que le extendi\u00f3 Morena"},"content":{"rendered":"\n<p>Ismael Garc\u00eda M.\/Zona Roja.<\/p>\n\n\n\n<p>Oaxaca, Oax., a 17 de febrero de 2025.- Una credencial de afiliado formal al Partido Morena termin\u00f3 por sellar la impunidad para Alejandro Murat Hinojosa, blindado antes con el fuero de senador.<\/p>\n\n\n\n<p>As\u00ed, con un pl\u00e1stico guinda y cobijado por el hijo de Andr\u00e9s Manuel L\u00f3pez Obrador \u2014el poder tras el trono\u2014 termin\u00f3 por sepultarse las ansias de justicia hacia el ex gobernador oaxaque\u00f1o, de origen mexiquense.<\/p>\n\n\n\n<p>\u201cPol\u00edtica de alianzas\u201d, justific\u00f3 la Presidenta de M\u00e9xico, Claudia Sheinbaum, cuando la cuestionaron acerca de los nuevos morenistas afilados formalmente, como el hijo de Jos\u00e9 Murat Casab.<\/p>\n\n\n\n<p>\u00bfCu\u00e1les obras inconclusas en Oaxaca durante su sexenio como morenista disfrazado de priista? \u00bfCu\u00e1les megadeudas que hered\u00f3 a su sucesor Salom\u00f3n Jara? \u00bfCu\u00e1l \u201cc\u00e1rtel del despojo\u201d que se increment\u00f3 durante el mandato del mexiquense? \u00bfExigirle cuentas por lo 3,500 millones de pesos que de deuda que le autoriz\u00f3 el Congreso morenista para supuestas obras p\u00fablicas? \u00bfCu\u00e1l fraude al Infonavit?<\/p>\n\n\n\n<p>CREDENCIALIZADO<\/p>\n\n\n\n<p>El pasado mi\u00e9rcoles, Alejandro Murat mostr\u00f3, con sonrisa plena, una fotograf\u00eda con Andr\u00e9s L\u00f3pez Beltr\u00e1n, secretario de Organizaci\u00f3n de Morena, momentos despu\u00e9s de su afiliaci\u00f3n.<\/p>\n\n\n\n<p>El impacto medi\u00e1tico y pol\u00edtico fue brutal para los propios morenistas, tanto a nivel nacional como estatal, porque era pr\u00e1cticamente una burla para quienes s\u00ed han luchado desde la izquierda y desde los inicios por el Movimiento de Regeneraci\u00f3n Nacional.<\/p>\n\n\n\n<p>\u201c\u00a1Seguimos construyendo el segundo piso de la #4T! Con mi amigo @amlopezbeltran &nbsp;y #MORENA, vamos con todo en esta nueva etapa de afiliaci\u00f3n #SeguimosAvanzando\u201d, restreg\u00f3 Murat en la cara de todos los morenistas.<\/p>\n\n\n\n<p>P\u00e9sima decisi\u00f3n del hijo de Andr\u00e9s Manuel L\u00f3pez Obrador de iniciar con el senador Murat un recorrido por todo el pa\u00eds para la credencializaci\u00f3n de mandatarios de ese partido pol\u00edtico.<\/p>\n\n\n\n<p>Apenas el pasado domingo lleg\u00f3 a Oaxaca para que Salom\u00f3n Jara Cruz se reafiliara, pero el da\u00f1o pol\u00edtico ya estaba hecho. El golpe para lograr m\u00e1s impunidad para el mexiquense ya estaba dado.<\/p>\n\n\n\n<p>ALIANCISTA<\/p>\n\n\n\n<p>\u201cPara ganar una elecci\u00f3n t\u00fa haces alianzas con personas, entonces yo recuerdo ahora en la campa\u00f1a cuando fui a Sinaloa y se incorporaron algunas personas que firmaron, que no eran de Morena, yo les dec\u00eda \u2018nosotros necesitamos una alianza muy grande para ganar la mayor\u00eda calificada\u2019, para poder hacer la reforma al poder judicial\u201d, afirm\u00f3 el jueves la Presidenta de M\u00e9xico.<\/p>\n\n\n\n<p>Obvio, la defensa, o en su caso la cr\u00edtica sobre ese tipo de alianzas debiera venir de la presidenta del partido, Luisa Alcalde, pero ahora tiene licencia por maternidad, lo que ha aprovechado Andr\u00e9s L\u00f3pez para posicionarse y apoderarse totalmente del partido.<\/p>\n\n\n\n<p>\u201cMorena tiene pol\u00edtica de alianzas como cualquier partido pol\u00edtico, el asunto es si esto define tus principios o tu pol\u00edtica, hay alianzas\u201d, remarc\u00f3 Sheinbaum, en defensa tambi\u00e9n de Pedro Haces, ex priista y recientemente exhibido por sus megapropiedades.<\/p>\n\n\n\n<p>Lo cierto que la hoy Presidenta de M\u00e9xico s\u00f3lo sigue el gui\u00f3n que le impuso L\u00f3pez Obrador.<\/p>\n\n\n\n<p>Y ese gui\u00f3n le dice que debe cuidar las \u201calianzas\u201d que hizo en el pa\u00eds \u2014as\u00ed sean con grupos fuera de la ley\u2014 para seguir manteniendo la supremac\u00eda pol\u00edtica y para poder seguir operando las propuestas legislativas morenistas.<\/p>\n\n\n\n<p>Pero, estas \u201calianzas\u201d est\u00e1n llevando a una crisis interna en el morenismo, donde fundadores del movimiento muestran inquietud e irritaci\u00f3n por la protecci\u00f3n que reciben quienes habr\u00edan violado la ley, pero en lugar de aplicarles justicia, reciben premios.<\/p>\n\n\n\n<p>PENDIENTITOS<\/p>\n\n\n\n<p>As\u00ed que, los oaxaque\u00f1os tendr\u00e1n que olvidarse de que haya verdadera justicia en contra de Alejandro Murat Hinojosa y muchos de quienes formaron parte de su gobierno, originarios del Estado de M\u00e9xico o de la capital del pa\u00eds y se\u00f1alados de corrupci\u00f3n y saqueo.<\/p>\n\n\n\n<p>Un amplio recuento de la pol\u00e9mica trayectoria de Alejandro, siempre de la mano de su padre Jos\u00e9 Murat, lo puede encontrar en \u201cEtc\u00e9tera\u201d (<a href=\"https:\/\/etcetera.com.mx\/nacional\/murat-presume-amigo-andy-lopez-beltran\/#google_vignette\">https:\/\/etcetera.com.mx\/nacional\/murat-presume-amigo-andy-lopez-beltran\/#google_vignette<\/a>), donde entre otras cosas podr\u00e1 recordar frases hoy contradictorias, pronunciadas por el patriarca L\u00f3pez Obrador:&nbsp;<\/p>\n\n\n\n<p>\u201cCuando Murat se convirti\u00f3 en Senador por Morena, AMLO no se quej\u00f3 ni emiti\u00f3 una sola cr\u00edtica, como s\u00ed lo hizo cuando el oaxaque\u00f1o se perfilaba como aspirante al gobierno estatal. De hecho, despu\u00e9s de que Murat se convirti\u00f3 en gobernador la cercan\u00eda con la 4T fue&nbsp;evidente y los halagos mutuos, frecuentes.&nbsp;<\/p>\n\n\n\n<p>\u201cPero no ocurr\u00eda as\u00ed cuando AMLO a\u00fan era oposici\u00f3n. El 27 de septiembre de 2015 el entonces l\u00edder de Morena tuite\u00f3 que \u2018ser\u00eda ofensivo para los oaxaque\u00f1os, uno de los pueblos con m\u00e1s cultura en el mundo, el regreso de la barbarie del PRI con Ulises o Murat\u2019.&nbsp;<\/p>\n\n\n\n<p>\u201cEl 29 de enero de 2016, AMLO escribi\u00f3 en su cuenta de X: \u2018Designar al hijo de Murat como candidato del PRI en Oaxaca, demuestra que en vez de rep\u00fablica existe una monarqu\u00eda hereditaria y corrupta\u00b4.&nbsp;<\/p>\n\n\n\n<p>\u201cEl 27 de mayo de ese a\u00f1o, calific\u00f3 a Murat como parte de la \u2018mapachada inmunda\u2019 que operaba dentro del PRI. Un d\u00eda antes acus\u00f3 a Reforma de \u2018cucharear\u2019 la encuesta sobre la gubernatura en Oaxaca para poner como ganador a Murat: \u2018La encuesta de Reforma sobre Oaxaca est\u00e1 cuchareada. Salom\u00f3n Jara de Morena ya rebas\u00f3 a Murat y el candidato de Gabino y Di\u00f3doro se rezag\u00f3\u2019\u201d.&nbsp;<\/p>\n\n\n\n<p>BIENVENIDO<\/p>\n\n\n\n<p>Pero todo ha quedado en el olvido: Murat Hinojosa ya es una buena persona, ya est\u00e1 santificado por la 4T y ahora luchar\u00e1 por el \u201csegundo piso de la Cuarta Transformaci\u00f3n\u201d.<\/p>\n\n\n\n<p>Atr\u00e1s quedaron los se\u00f1alamientos de que regal\u00f3 fiats notariales y bases laborales al finalizar su sexenio, pese a que se hab\u00eda comprometido a no hacerlo.<\/p>\n\n\n\n<p>Atr\u00e1s quedaron los probables fraudes con 3,500 millones de pesos que pidi\u00f3 prestado \u2014y que le autoriz\u00f3 el Congreso local morenista\u2014 y cuyo destino a\u00fan es incierto.<\/p>\n\n\n\n<p>Atr\u00e1s quedaron las propiedades de las que se habr\u00eda adue\u00f1ado (adem\u00e1s de las que se hizo su padre, claro) mediante el \u201cc\u00e1rtel del despojo\u201d.<\/p>\n\n\n\n<p>Atr\u00e1s quedaron los se\u00f1alamientos de corrupci\u00f3n por obras inconclusas y de p\u00e9sima calidad, como el auditorio en Huatulco, el centro cultural en la capital, la pavimentaci\u00f3n de las vialidades adjuntas al r\u00edo \u201cAtoyac\u201d.<\/p>\n\n\n\n<p>Atr\u00e1s quedaron las inconclusas obras de la avenida S\u00edmbolos Patrios y muchas m\u00e1s. Atr\u00e1s qued\u00f3 el megafraude y meganegocio en el Infonavit.<\/p>\n\n\n\n<p>Claro, a los morenistas oaxaque\u00f1os y al titular del Poder Ejecutivo, Salom\u00f3n Jara, s\u00f3lo le queda seguir con las acusaciones medi\u00e1ticas. Pero definitivamente la c\u00e1rcel o alguna sanci\u00f3n penal no alcanzar\u00e1 al neomorenista Murat Hinojosa.<\/p>\n","protected":false},"excerpt":{"rendered":"<p>Ismael Garc\u00eda M.\/Zona Roja. Oaxaca, Oax., a 17 de febrero de 2025.- Una credencial de&hellip;<\/p>\n","protected":false},"author":2,"featured_media":67764,"comment_status":"closed","ping_status":"open","sticky":false,"template":"","format":"standard","meta":{"_lmt_disableupdate":"","_lmt_disable":"","_jetpack_memberships_contains_paid_content":false,"footnotes":""},"categories":[456,109,48],"tags":[1353],"class_list":["post-77602","post","type-post","status-publish","format-standard","has-post-thumbnail","hentry","category-columna","category-minuto-a-minuto","category-zona-critica","tag-opinion-zona-critica"],"jetpack_featured_media_url":"https:\/\/zonaroja.com.mx\/wp-content\/uploads\/2024\/04\/Opinion-Zona-Roja-Ismael-Garcia.jpg","jetpack_sharing_enabled":true,"_links":{"self":[{"href":"https:\/\/zonaroja.com.mx\/index.php?rest_route=\/wp\/v2\/posts\/77602","targetHints":{"allow":["GET"]}}],"collection":[{"href":"https:\/\/zonaroja.com.mx\/index.php?rest_route=\/wp\/v2\/posts"}],"about":[{"href":"https:\/\/zonaroja.com.mx\/index.php?rest_route=\/wp\/v2\/types\/post"}],"author":[{"embeddable":true,"href":"https:\/\/zonaroja.com.mx\/index.php?rest_route=\/wp\/v2\/users\/2"}],"replies":[{"embeddable":true,"href":"https:\/\/zonaroja.com.mx\/index.php?rest_route=%2Fwp%2Fv2%2Fcomments&post=77602"}],"version-history":[{"count":2,"href":"https:\/\/zonaroja.com.mx\/index.php?rest_route=\/wp\/v2\/posts\/77602\/revisions"}],"predecessor-version":[{"id":77609,"href":"https:\/\/zonaroja.com.mx\/index.php?rest_route=\/wp\/v2\/posts\/77602\/revisions\/77609"}],"wp:featuredmedia":[{"embeddable":true,"href":"https:\/\/zonaroja.com.mx\/index.php?rest_route=\/wp\/v2\/media\/67764"}],"wp:attachment":[{"href":"https:\/\/zonaroja.com.mx\/index.php?rest_route=%2Fwp%2Fv2%2Fmedia&parent=77602"}],"wp:term":[{"taxonomy":"category","embeddable":true,"href":"https:\/\/zonaroja.com.mx\/index.php?rest_route=%2Fwp%2Fv2%2Fcategories&post=77602"},{"taxonomy":"post_tag","embeddable":true,"href":"https:\/\/zonaroja.com.mx\/index.php?rest_route=%2Fwp%2Fv2%2Ftags&post=77602"}],"curies":[{"name":"wp","href":"https:\/\/api.w.org\/{rel}","templated":true}]}}