{"id":77610,"date":"2025-02-17T16:28:50","date_gmt":"2025-02-17T22:28:50","guid":{"rendered":"https:\/\/zonaroja.com.mx\/?p=77610"},"modified":"2025-02-17T16:28:50","modified_gmt":"2025-02-17T22:28:50","slug":"emboscan-a-autoridades-municipales-en-oaxaca-un-muerto-y-edil-herido","status":"publish","type":"post","link":"https:\/\/zonaroja.com.mx\/?p=77610","title":{"rendered":"Emboscan a autoridades municipales en Oaxaca; un muerto y edil herido"},"content":{"rendered":"\n<p>Raymundo Morales\/Zona Roja.&nbsp;<\/p>\n\n\n\n<p>Oaxaca de Ju\u00e1rez, Oax., a 17 de febrero de 2025.- Autoridades municipales de Mazatl\u00e1n Villa de Flores fueron emboscadas hoy en la zona mazateca de Oaxaca, lo que dej\u00f3 como saldo preliminar una persona fallecida y el edil lesionado.&nbsp;<\/p>\n\n\n\n<p>El gobierno estatal a trav\u00e9s de la Secretar\u00eda de Gobierno (Sego) confirm\u00f3 el incidente y detall\u00f3 que se ha implementado un operativo de seguridad en dicho municipio de la regi\u00f3n Sierra de Flores Mag\u00f3n.&nbsp;<\/p>\n\n\n\n<p>Indic\u00f3 que el presidente municipal, Te\u00f3filo Mar\u00edn Pablo, se encuentra en resguardo por corporaciones policiacas y recibe atenci\u00f3n m\u00e9dica en hospital rural IMSS-Bienestar de Huautla de Jim\u00e9nez<\/p>\n\n\n\n<p>De acuerdo con los primeros reportes, este incidente se present\u00f3 cuando el edil se trasladaba en un veh\u00edculo con rumbo a una poblaci\u00f3n de esa municipalidad, cuando presuntamente fueron emboscados, lo que provoc\u00f3 que la unidad se fuera en un barranco.<\/p>\n\n\n\n<p>En esta agresi\u00f3n, el edil result\u00f3 herido con fracturas y su estado m\u00e9dico es reportado como delicado; en tanto, el chofer, identificado como Jes\u00fas Garc\u00eda Moreno perdi\u00f3 la vida, y otras tres personas resultaron con lesiones.&nbsp;<\/p>\n\n\n\n<p>\u201cDe manera inmediata, el gobierno de Oaxaca dio respuesta a trav\u00e9s de la Polic\u00eda Estatal que, apoyada por elementos de la Guardia Nacional (GN), de la Secretar\u00eda de la Defensa Nacional (Defensa) y de la Fiscal\u00eda General del Estado (FGEO); realizan labores de vigilancia en la zona.&nbsp;<\/p>\n\n\n\n<p>\u201cAunado a ello, la autoridad ministerial inici\u00f3 las investigaciones para dar con la o las personas responsables, as\u00ed como, para identificar la raz\u00f3n de este ataque\u201d, expuso.&nbsp;<\/p>\n\n\n\n<p>El Gobierno del Estado reiter\u00f3 que ning\u00fan acto de violencia quedar\u00e1 impune y, trabaja con todas las instituciones de seguridad y justicia para esclarecer los hechos.&nbsp;<\/p>\n","protected":false},"excerpt":{"rendered":"<p>Raymundo Morales\/Zona Roja.&nbsp; Oaxaca de Ju\u00e1rez, Oax., a 17 de febrero de 2025.- Autoridades municipales&hellip;<\/p>\n","protected":false},"author":2,"featured_media":68050,"comment_status":"closed","ping_status":"open","sticky":false,"template":"","format":"standard","meta":{"_lmt_disableupdate":"","_lmt_disable":"","_jetpack_memberships_contains_paid_content":false,"footnotes":""},"categories":[109,51],"tags":[],"class_list":["post-77610","post","type-post","status-publish","format-standard","has-post-thumbnail","hentry","category-minuto-a-minuto","category-zona-roja"],"jetpack_featured_media_url":"https:\/\/zonaroja.com.mx\/wp-content\/uploads\/2024\/05\/Escena-asesinato-crimen.jpg","jetpack_sharing_enabled":true,"_links":{"self":[{"href":"https:\/\/zonaroja.com.mx\/index.php?rest_route=\/wp\/v2\/posts\/77610","targetHints":{"allow":["GET"]}}],"collection":[{"href":"https:\/\/zonaroja.com.mx\/index.php?rest_route=\/wp\/v2\/posts"}],"about":[{"href":"https:\/\/zonaroja.com.mx\/index.php?rest_route=\/wp\/v2\/types\/post"}],"author":[{"embeddable":true,"href":"https:\/\/zonaroja.com.mx\/index.php?rest_route=\/wp\/v2\/users\/2"}],"replies":[{"embeddable":true,"href":"https:\/\/zonaroja.com.mx\/index.php?rest_route=%2Fwp%2Fv2%2Fcomments&post=77610"}],"version-history":[{"count":1,"href":"https:\/\/zonaroja.com.mx\/index.php?rest_route=\/wp\/v2\/posts\/77610\/revisions"}],"predecessor-version":[{"id":77611,"href":"https:\/\/zonaroja.com.mx\/index.php?rest_route=\/wp\/v2\/posts\/77610\/revisions\/77611"}],"wp:featuredmedia":[{"embeddable":true,"href":"https:\/\/zonaroja.com.mx\/index.php?rest_route=\/wp\/v2\/media\/68050"}],"wp:attachment":[{"href":"https:\/\/zonaroja.com.mx\/index.php?rest_route=%2Fwp%2Fv2%2Fmedia&parent=77610"}],"wp:term":[{"taxonomy":"category","embeddable":true,"href":"https:\/\/zonaroja.com.mx\/index.php?rest_route=%2Fwp%2Fv2%2Fcategories&post=77610"},{"taxonomy":"post_tag","embeddable":true,"href":"https:\/\/zonaroja.com.mx\/index.php?rest_route=%2Fwp%2Fv2%2Ftags&post=77610"}],"curies":[{"name":"wp","href":"https:\/\/api.w.org\/{rel}","templated":true}]}}