{"id":77615,"date":"2025-02-17T18:40:50","date_gmt":"2025-02-18T00:40:50","guid":{"rendered":"https:\/\/zonaroja.com.mx\/?p=77615"},"modified":"2025-02-17T21:47:25","modified_gmt":"2025-02-18T03:47:25","slug":"hallan-mas-irregularidades-en-proceso-de-eleccion-judicial","status":"publish","type":"post","link":"https:\/\/zonaroja.com.mx\/?p=77615","title":{"rendered":"Hallan m\u00e1s irregularidades en proceso de elecci\u00f3n judicial"},"content":{"rendered":"\n<p>Redacci\u00f3n\/Zona Roja Cdmx.<\/p>\n\n\n\n<p>Ciudad de M\u00e9xico, a 17 de febrero de 2025.- En s\u00f3lo tres d\u00edas y tras pedirle que corrigiera errores, el Senado cambi\u00f3 las listas que entreg\u00f3 al INE en el plazo legal el 12 de febrero, y en lugar de corregir los errores que les se\u00f1alaron, enviaron listas diferentes en las que aparecieron y desaparecieron nombres, y redujeron el total de candidaturas, sin que se tengan claras las razones y si \u00e9stas son ya las cifras definitivas.<\/p>\n\n\n\n<p>\u201cLa lista que se public\u00f3 no es la del 12 de febrero, es otro que tiene otros datos, vemos por lo menos, 15 personas que estaban en el primer listado que ya no est\u00e1n, y seis personas que no estaban ya hora ya est\u00e1n, \u00bfc\u00f3mo le vamos a explicar a la ciudadan\u00eda esto? As\u00ed, mostr\u00e1ndole lo que nos enviaron.<\/p>\n\n\n\n<p>\u201cEl INE hizo requerimientos y hubo cambios en las listas y esto tiene que quedar claro, el INE no est\u00e1 cambiando nada, pedimos informaci\u00f3n y nos dan otro n\u00famero de candidaturas \u00bfde d\u00f3nde salieron?, \u00bfpor qu\u00e9 cambiaron? Hay personas que no estaban y ya est\u00e1n y hay personas que ya estaban y ahora no est\u00e1n\u201d, expuso la consejera Claudia Zavala.<\/p>\n\n\n\n<p>En la sesi\u00f3n del Consejo General del INE que inici\u00f3 este lunes a medio d\u00eda, la secretaria Ejecutiva, Claudia Arlett Espino detall\u00f3 que la nueva informaci\u00f3n que envi\u00f3 el Senado tras pedirle que aclarara errores, tiene modificaciones a las listas originales que en un acto p\u00fablico se recibieron por parte del presidente del Senado, Gerardo Fern\u00e1ndez Noro\u00f1a.<\/p>\n\n\n\n<p>\u201cMilenio\u201d detall\u00f3 que entre los errores de las listas, de entrada, se encuentra la suma de candidaturas, pues mientras aseguran haber entregado cuatro mil 224 nombres, la suma que desglos\u00f3 Fern\u00e1ndez Noro\u00f1a es de cuatro mil 223.<\/p>\n\n\n\n<p>Sin embargo, con los nuevos ajustes, el total de candidaturas ahora ser\u00eda de cuatro mil 221 personas.<\/p>\n\n\n\n<p>De acuerdo con el desglose, el Poder Legislativo habr\u00eda entregado mil 416 candidaturas y en la nueva lista que se hizo p\u00fablica con ajustes, pas\u00f3 a mil 417; la del Poder Ejecutivo de mil 430 se disminuy\u00f3 a mil 428 y la del Poder Judicial pas\u00f3 de 955 a 954 personas, adicional a 195 jueces en funciones y 195 magistraturas en funciones, 11 magistraturas adscritas de manera interina y 21 jueces y juezas adscritas de manera interina.<\/p>\n\n\n\n<p>Pero adem\u00e1s, algunas consejer\u00edas exhibieron que hay nombres que se cambiaron en los listados, sin que est\u00e9 claro el porqu\u00e9, y ser\u00eda adem\u00e1s, una modificaci\u00f3n fuera del plazo legal del 12 de febrero.<\/p>\n\n\n\n<p>\u201cHay diferencias entre lo que el INE recibi\u00f3 el 12 de febrero y lo que se public\u00f3 en la p\u00e1gina del INE el 15 de febrero, hay nombres que se excluyeron y otros que se agregan, y no se sabe por qu\u00e9, a la Suprema Corte hay tres candidaturas adicionales, para magistraturas de circuito hay cuatro menos y en jueces de distrito hay tres menos, la pregunta de fondo es \u00bfqui\u00e9nes los agregaron o excluyeron y por qu\u00e9?<\/p>\n\n\n\n<p>\u201cRepito muy brevemente, una cosa era hacer requerimientos para subsanar inconsistencias y otra cosa podr\u00eda ser sustancialmente diferente, el agregar o restar algunas postulaciones\u201d, cuestion\u00f3 el consejero Jaime Rivera.<\/p>\n\n\n\n<p>Las consejer\u00edas pidieron que haya m\u00e1xima transparencia pues estos cambios no son responsabilidad del INE sino del Senado de la Rep\u00fablica y los Comit\u00e9s de Evaluaci\u00f3n de cada poder, por lo que se debe publicar tanto la lista original que entreg\u00f3 Fern\u00e1ndez Noro\u00f1a, como la nueva versi\u00f3n, para que cada persona pueda revisar.<\/p>\n\n\n\n<p>El Consejo General aprob\u00f3 que las \u00e1reas t\u00e9cnicas realicen una nueva revisi\u00f3n y vuelvan a solicitar que se aclaren las dudas, para que se pueda tener certeza de cu\u00e1l es la lista definitiva de candidaturas.<\/p>\n\n\n\n<p>\u201cAqu\u00ed es donde se ve la importancia de un \u00f3rgano especializada de hacer registros de candidaturas\u201d, destac\u00f3 el consejero Mart\u00edn Faz.<\/p>\n\n\n\n<p>El Consejo General acord\u00f3 que deben regirse por la m\u00e1xima transparencia, pues al no tener facultades legales de hacer ning\u00fan cambio en las listas, no tienen posibilidad de enmendar los errores, por lo que deber\u00e1 ser el Senado el que vuelva a aclarar las dudas que siguen surgiendo.<\/p>\n\n\n\n<p>La Secretar\u00eda Ejecutiva instruir\u00e1 que en el portal del INE se publique el listado original que se entreg\u00f3 el 12 de febrero, para que las y los aspirantes pueden compararla con la que se difundi\u00f3 este domingo, que es la nueva versi\u00f3n enviada por el Senado, y determinen si fueron excluidos o si siguen apareciendo en especialidades o en cargos por los que no se inscribieron.<\/p>\n\n\n\n<p>Esto permitir\u00e1 que en las pr\u00f3ximas horas, las personas afectadas puedan recurrir al Tribunal Electoral para que resuelva qu\u00e9 se debe hacer, ante la imposibilidad del INE de tomar decisiones propias para corregir estos errores, como lo hace en otras elecciones.<\/p>\n\n\n\n<p>(Nota de Jannet Ponce en \u201cMilenio\u201d)<\/p>\n","protected":false},"excerpt":{"rendered":"<p>Redacci\u00f3n\/Zona Roja Cdmx. Ciudad de M\u00e9xico, a 17 de febrero de 2025.- En s\u00f3lo tres&hellip;<\/p>\n","protected":false},"author":2,"featured_media":72543,"comment_status":"closed","ping_status":"open","sticky":false,"template":"","format":"standard","meta":{"_lmt_disableupdate":"","_lmt_disable":"","_jetpack_memberships_contains_paid_content":false,"footnotes":""},"categories":[109,47],"tags":[3707],"class_list":["post-77615","post","type-post","status-publish","format-standard","has-post-thumbnail","hentry","category-minuto-a-minuto","category-zona-gris","tag-poder-judicial-de-la-federacion"],"jetpack_featured_media_url":"https:\/\/zonaroja.com.mx\/wp-content\/uploads\/2024\/09\/Reforma-al-Poder-Judicial.jpeg","jetpack_sharing_enabled":true,"_links":{"self":[{"href":"https:\/\/zonaroja.com.mx\/index.php?rest_route=\/wp\/v2\/posts\/77615","targetHints":{"allow":["GET"]}}],"collection":[{"href":"https:\/\/zonaroja.com.mx\/index.php?rest_route=\/wp\/v2\/posts"}],"about":[{"href":"https:\/\/zonaroja.com.mx\/index.php?rest_route=\/wp\/v2\/types\/post"}],"author":[{"embeddable":true,"href":"https:\/\/zonaroja.com.mx\/index.php?rest_route=\/wp\/v2\/users\/2"}],"replies":[{"embeddable":true,"href":"https:\/\/zonaroja.com.mx\/index.php?rest_route=%2Fwp%2Fv2%2Fcomments&post=77615"}],"version-history":[{"count":1,"href":"https:\/\/zonaroja.com.mx\/index.php?rest_route=\/wp\/v2\/posts\/77615\/revisions"}],"predecessor-version":[{"id":77616,"href":"https:\/\/zonaroja.com.mx\/index.php?rest_route=\/wp\/v2\/posts\/77615\/revisions\/77616"}],"wp:featuredmedia":[{"embeddable":true,"href":"https:\/\/zonaroja.com.mx\/index.php?rest_route=\/wp\/v2\/media\/72543"}],"wp:attachment":[{"href":"https:\/\/zonaroja.com.mx\/index.php?rest_route=%2Fwp%2Fv2%2Fmedia&parent=77615"}],"wp:term":[{"taxonomy":"category","embeddable":true,"href":"https:\/\/zonaroja.com.mx\/index.php?rest_route=%2Fwp%2Fv2%2Fcategories&post=77615"},{"taxonomy":"post_tag","embeddable":true,"href":"https:\/\/zonaroja.com.mx\/index.php?rest_route=%2Fwp%2Fv2%2Ftags&post=77615"}],"curies":[{"name":"wp","href":"https:\/\/api.w.org\/{rel}","templated":true}]}}