{"id":77617,"date":"2025-02-17T21:50:49","date_gmt":"2025-02-18T03:50:49","guid":{"rendered":"https:\/\/zonaroja.com.mx\/?p=77617"},"modified":"2025-02-17T21:50:51","modified_gmt":"2025-02-18T03:50:51","slug":"falla-de-nuevo-politica-interna-ahogan-a-oaxaca-protestas-y-bloqueos","status":"publish","type":"post","link":"https:\/\/zonaroja.com.mx\/?p=77617","title":{"rendered":"Falla de nuevo pol\u00edtica interna: ahogan a Oaxaca protestas y bloqueos\u00a0"},"content":{"rendered":"\n<p>Ismael Garc\u00eda M.\/Zona Roja.<\/p>\n\n\n\n<p>Oaxaca de Ju\u00e1rez, Oax., a 17 de febrero de 2025.- La pol\u00edtica interna del gobierno de Oaxaca fue evidenciada de nuevo con m\u00faltiples bloqueos carreteros y protestas, en la capital y el interior de la entidad.<\/p>\n\n\n\n<p>La mayor\u00eda de las manifestaciones fue por parte del Movimiento Oaxaque\u00f1o de Izquierda Democr\u00e1tica (MOID), que cerr\u00f3 media docena de vialidades en las regiones Mixteca, Costa, Sierra de Flores Mag\u00f3n y Valles Centrales.<\/p>\n\n\n\n<p>Ello para demandar cumplimiento a supuestas demandas de las comunidades que, seg\u00fan su dirigente, David Jim\u00e9nez \u2014quien se desangr\u00f3 en el z\u00f3calo capitalino\u2014, el gobierno no ha cumplido.<\/p>\n\n\n\n<p>Por m\u00e1s de ocho horas fueron cerradas vialidades, entre en la Oaxaca-Cuacnopalan, a la altura de Asunci\u00f3n Nochixtl\u00e1n; la federal 190 Oaxaca-Istmo, a la altura de Santa Mar\u00eda El Tule y San Dionisio Ocotepec.<\/p>\n\n\n\n<p>En las protestas, los manifestantes que portaban palos y machetes, agredieron a los ciudadanos; un caso ocurri\u00f3 en la carretera al Istmo, en que golpearon a un motociclista que se atrevi\u00f3 a cruzar el bloqueo.<\/p>\n\n\n\n<p>El representante del MOID, empresario constructor y ex integrante del MULT, amag\u00f3 con repetir los bloqueos para ma\u00f1ana martes.<\/p>\n\n\n\n<p>Otra manifestaci\u00f3n fue la de un grupo de habitantes de San Mart\u00edn de Porres, en que dos mujeres se encadenaron al acceso lateral del Palacio de Gobierno, sobre la calle Flores Mag\u00f3n.<\/p>\n\n\n\n<p>Ello para exigir la liberaci\u00f3n de tres personas que las autoridades municipales de Nejapa de Madero encerraron por negarse a cumplir con las normas comunitarias.<\/p>\n\n\n\n<p>Adem\u00e1s, en el z\u00f3calo se manifest\u00f3 una representaci\u00f3n de aspirantes a presidir alguna de las 13 agencias municipales de Oaxaca de Ju\u00e1rez, quienes aseguraron que hab\u00eda irregularidades en el proceso electoral convocado por el ayuntamiento.<\/p>\n\n\n\n<p>De la misma manera, militantes de Antorcha Campesina se manifestaron en el z\u00f3calo de la ciudad para denunciar que la Secretar\u00eda General de Gobierno no ha cumplido con los acuerdos pactados meses atr\u00e1s, de atender sus demandas sociales.<\/p>\n\n\n\n<p>Mientras tanto, un reducido grupo de ex bur\u00f3cratas inici\u00f3 una segunda semana de \u201cplant\u00f3n\u201d en el corredor exterior del Palacio de Gobierno, en la insistencia de que se les reinstale en su plaza laboral.<\/p>\n\n\n\n<p>En un comunicado, el Gobierno del Estado inform\u00f3 que priorizando el di\u00e1logo y la atenci\u00f3n a las demandas sociales, se reuni\u00f3 con representantes de la organizaci\u00f3n Movimiento Oaxaque\u00f1o de Izquierda Democr\u00e1tica (MOID), que este lunes se manifiesta en diversos puntos de la entidad.<\/p>\n\n\n\n<p>\u201cEn este sentido, se da a conocer que se han brindado respuestas claras y soluciones viables a sus demandas de tipo social; sin embargo, el Gobierno del Estado no ceder\u00e1 a intereses pol\u00edticos que impliquen compromisos financieros insostenibles o que pongan en riesgo la estabilidad de las finanzas p\u00fablicas\u201d.&nbsp;<\/p>\n\n\n\n<p>Al respecto, la Secretar\u00eda de Gobierno (Sego) se\u00f1ala que toda demanda de infraestructura u otra \u00edndole, ser\u00e1 atendida y canalizada a trav\u00e9s de las autoridades municipales o agrarias correspondientes, para que dentro del marco de la ley se establezcan soluciones viables.<\/p>\n","protected":false},"excerpt":{"rendered":"<p>Ismael Garc\u00eda M.\/Zona Roja. Oaxaca de Ju\u00e1rez, Oax., a 17 de febrero de 2025.- La&hellip;<\/p>\n","protected":false},"author":2,"featured_media":77618,"comment_status":"closed","ping_status":"open","sticky":false,"template":"","format":"standard","meta":{"_lmt_disableupdate":"","_lmt_disable":"","_jetpack_memberships_contains_paid_content":false,"footnotes":""},"categories":[109,47],"tags":[518],"class_list":["post-77617","post","type-post","status-publish","format-standard","has-post-thumbnail","hentry","category-minuto-a-minuto","category-zona-gris","tag-protestas-oaxaca"],"jetpack_featured_media_url":"https:\/\/zonaroja.com.mx\/wp-content\/uploads\/2025\/02\/Protesta-mujeres-Nejapa.jpg","jetpack_sharing_enabled":true,"_links":{"self":[{"href":"https:\/\/zonaroja.com.mx\/index.php?rest_route=\/wp\/v2\/posts\/77617","targetHints":{"allow":["GET"]}}],"collection":[{"href":"https:\/\/zonaroja.com.mx\/index.php?rest_route=\/wp\/v2\/posts"}],"about":[{"href":"https:\/\/zonaroja.com.mx\/index.php?rest_route=\/wp\/v2\/types\/post"}],"author":[{"embeddable":true,"href":"https:\/\/zonaroja.com.mx\/index.php?rest_route=\/wp\/v2\/users\/2"}],"replies":[{"embeddable":true,"href":"https:\/\/zonaroja.com.mx\/index.php?rest_route=%2Fwp%2Fv2%2Fcomments&post=77617"}],"version-history":[{"count":1,"href":"https:\/\/zonaroja.com.mx\/index.php?rest_route=\/wp\/v2\/posts\/77617\/revisions"}],"predecessor-version":[{"id":77619,"href":"https:\/\/zonaroja.com.mx\/index.php?rest_route=\/wp\/v2\/posts\/77617\/revisions\/77619"}],"wp:featuredmedia":[{"embeddable":true,"href":"https:\/\/zonaroja.com.mx\/index.php?rest_route=\/wp\/v2\/media\/77618"}],"wp:attachment":[{"href":"https:\/\/zonaroja.com.mx\/index.php?rest_route=%2Fwp%2Fv2%2Fmedia&parent=77617"}],"wp:term":[{"taxonomy":"category","embeddable":true,"href":"https:\/\/zonaroja.com.mx\/index.php?rest_route=%2Fwp%2Fv2%2Fcategories&post=77617"},{"taxonomy":"post_tag","embeddable":true,"href":"https:\/\/zonaroja.com.mx\/index.php?rest_route=%2Fwp%2Fv2%2Ftags&post=77617"}],"curies":[{"name":"wp","href":"https:\/\/api.w.org\/{rel}","templated":true}]}}