{"id":77624,"date":"2025-02-18T06:52:24","date_gmt":"2025-02-18T12:52:24","guid":{"rendered":"https:\/\/zonaroja.com.mx\/?p=77624"},"modified":"2025-02-18T06:52:27","modified_gmt":"2025-02-18T12:52:27","slug":"pide-el-platanillo-desaparicion-de-poderes-en-santo-domingo-petapa","status":"publish","type":"post","link":"https:\/\/zonaroja.com.mx\/?p=77624","title":{"rendered":"Pide El Platanillo desaparici\u00f3n de poderes en Santo Domingo Petapa"},"content":{"rendered":"\n<p>Ismael Garc\u00eda M.\/Zona Roja.<\/p>\n\n\n\n<p>Oaxaca de Ju\u00e1rez, Oax., a 18 de febrero de 2025.- Con el respaldo del Centro de Derechos Humanos y Asesor\u00eda a Pueblos Ind\u00edgenas (Cedhapi), la autoridad auxiliar y la poblaci\u00f3n de San Isidro Platanillo demand\u00f3 la desaparici\u00f3n de poderes en Santo Domingo Petapa, tras los hechos de violencia del pasado jueves 13 de febrero, que dejaron un saldo de tres personas fallecidas.<\/p>\n\n\n\n<p>Asimismo, pidi\u00f3 la intervenci\u00f3n de la Fiscal\u00eda General de la Rep\u00fablica (FGR) para que atraiga el caso, al considerar que en el multihomicidio se utilizaron armas de grueso calibre y habr\u00eda presencia de grupos de la delincuencia organizada en la zona.<\/p>\n\n\n\n<p>Anoche, Leonel Crist\u00f3bal M\u00e1rquez, agente municipal de San Isidro Platanillo; Alma Robles Hern\u00e1ndez, representante de la comisi\u00f3n de la comunidad y Emilio Crist\u00f3bal M\u00e1rquez, representante legal del pueblo ind\u00edgena, emitieron un documento dirigido a la Presidenta Claudia Sheinbaum, en que exponen la problem\u00e1tica.<\/p>\n\n\n\n<p>Narraron que el 13 de febrero los se\u00f1ores Wilfrido Atanacio Crist\u00f3bal, de 64 a\u00f1os de edad; Victoriano Quirino Jim\u00e9nez, de 37 a\u00f1os de edad, y Abraham Quirino, de 84 a\u00f1os de edad, circulaban a bordo de una camioneta a la altura de la comunidad de El Zapote, cuando llegar al punto en donde se encuentra un ret\u00e9n ilegal, fueron asesinados de manera violenta por integrantes del municipio de Santo Domingo Petapa, as\u00ed como un grupo \u201cparamilitar\u201d el cual se hace llamar \u201cLos 33\u201d.<\/p>\n\n\n\n<p>\u201cLos cuerpos de los tres habitantes asesinados de San Isidro Platanillo, fueron levantados por las autoridades municipales de Santo Domingo Petapa, siendo que ellos mismos fueron los responsables del triple homicidio, situaci\u00f3n irregular porque contamin\u00f3 y altero la escena del crimen, adem\u00e1s, borraron todas las evidencias que pudieran ayudar a esclarecer sus muertes\u201d.&nbsp;<\/p>\n\n\n\n<p>Recordaron antecedentes del conflicto agrario en que el ayuntamiento los ha tratado de obligar a que participen, respecto al deslinde de colindancias de Petapa con San Juan Mazatl\u00e1n Mixe, pero decidieron no participar, por lo cual han sido acosados por las autoridades municipales.<\/p>\n\n\n\n<p>\u201cAl no haber participado los habitantes de San Isidro Platanillo, las autoridades municipales y agrarias de Santo Domingo Petapa empezaron a hostigar, amenazar y provocar a los habitantes del Platanillo, sin importarles agredir a ni\u00f1os, mujeres, j\u00f3venes y personas de la tercera edad\u201d.<\/p>\n\n\n\n<p>Relatan que a partir de ah\u00ed surgi\u00f3 un grupo conocido como \u201cLos 33\u201d, \u201cque son disidentes de la asamblea del Platanillo y se al\u00edan con el grupo armado de la cabecera municipal de Santo Domingo Petapa\u201d y los cuales han generado violencia en la zona.<\/p>\n\n\n\n<p>Expusieron que a la fecha siguen incomunicados, sin poder entrar o salir de la poblaci\u00f3n, pues hay un ret\u00e9n ilegal que se los impide y que ha provocado un desabasto de productos alimenticios y medicamentos.&nbsp;<\/p>\n\n\n\n<p>Adem\u00e1s, se han suspendido las clases en los cinco centros educativos que existen en la comunidad, ya que los profesores no pueden ingresar. La cl\u00ednica de salud bienestar tambi\u00e9n se encuentra cerrada porque no se le permite el acceso a el personal m\u00e9dico.&nbsp;<\/p>\n\n\n\n<p>\u201cA pesar de esto, no existe presencia de ning\u00fan cuerpo policiaco, estatal ni tampoco de la Guardia Nacional en nuestra comunidad, as\u00ed tambi\u00e9n la Secretar\u00eda General de Gobierno del Estado de Oaxaca, contrario a lo que publica en medio oficiales as\u00ed como el discurso en las conferencias de prensa matutinas del gobernados Salom\u00f3n Jara, no ha intervenido de manera eficaz, pues nos encontramos a la merced de los asesinos de nuestros compa\u00f1eros\u201d.<\/p>\n\n\n\n<p>Por ello, demandaron que la FGR atraiga el caso de los asesinatos perpetrados la semana pasada; que se garantice la seguridad de los habitantes de la comunidad de San Isidro Platanillo estableciendo un destacamento de la Guardia Nacional de manera permanenteAdem\u00e1s, que el Congreso del Estado de Oaxaca, decrete la desaparici\u00f3n de poderes en el municipio de Santo Domingo Petapa, por incurrir en graves violaciones a los derechos Humanos.<\/p>\n\n\n\n<p>Que se libere el acceso a la comunidad de San Isidro Platanillo por existir un ret\u00e9n de personas armadas en las afueras de la comunidad de El Zapote y que impide el acceso de los habitantes de esta comunidad, entre otros puntos.<\/p>\n","protected":false},"excerpt":{"rendered":"<p>Ismael Garc\u00eda M.\/Zona Roja. Oaxaca de Ju\u00e1rez, Oax., a 18 de febrero de 2025.- Con&hellip;<\/p>\n","protected":false},"author":2,"featured_media":77625,"comment_status":"closed","ping_status":"open","sticky":false,"template":"","format":"standard","meta":{"_lmt_disableupdate":"","_lmt_disable":"","_jetpack_memberships_contains_paid_content":false,"footnotes":""},"categories":[109,47],"tags":[4220],"class_list":["post-77624","post","type-post","status-publish","format-standard","has-post-thumbnail","hentry","category-minuto-a-minuto","category-zona-gris","tag-san-isidro-platanillo"],"jetpack_featured_media_url":"https:\/\/zonaroja.com.mx\/wp-content\/uploads\/2025\/02\/Documento-San-Isidro-Platanillo.jpg","jetpack_sharing_enabled":true,"_links":{"self":[{"href":"https:\/\/zonaroja.com.mx\/index.php?rest_route=\/wp\/v2\/posts\/77624","targetHints":{"allow":["GET"]}}],"collection":[{"href":"https:\/\/zonaroja.com.mx\/index.php?rest_route=\/wp\/v2\/posts"}],"about":[{"href":"https:\/\/zonaroja.com.mx\/index.php?rest_route=\/wp\/v2\/types\/post"}],"author":[{"embeddable":true,"href":"https:\/\/zonaroja.com.mx\/index.php?rest_route=\/wp\/v2\/users\/2"}],"replies":[{"embeddable":true,"href":"https:\/\/zonaroja.com.mx\/index.php?rest_route=%2Fwp%2Fv2%2Fcomments&post=77624"}],"version-history":[{"count":1,"href":"https:\/\/zonaroja.com.mx\/index.php?rest_route=\/wp\/v2\/posts\/77624\/revisions"}],"predecessor-version":[{"id":77626,"href":"https:\/\/zonaroja.com.mx\/index.php?rest_route=\/wp\/v2\/posts\/77624\/revisions\/77626"}],"wp:featuredmedia":[{"embeddable":true,"href":"https:\/\/zonaroja.com.mx\/index.php?rest_route=\/wp\/v2\/media\/77625"}],"wp:attachment":[{"href":"https:\/\/zonaroja.com.mx\/index.php?rest_route=%2Fwp%2Fv2%2Fmedia&parent=77624"}],"wp:term":[{"taxonomy":"category","embeddable":true,"href":"https:\/\/zonaroja.com.mx\/index.php?rest_route=%2Fwp%2Fv2%2Fcategories&post=77624"},{"taxonomy":"post_tag","embeddable":true,"href":"https:\/\/zonaroja.com.mx\/index.php?rest_route=%2Fwp%2Fv2%2Ftags&post=77624"}],"curies":[{"name":"wp","href":"https:\/\/api.w.org\/{rel}","templated":true}]}}