{"id":77627,"date":"2025-02-18T09:15:00","date_gmt":"2025-02-18T15:15:00","guid":{"rendered":"https:\/\/zonaroja.com.mx\/?p=77627"},"modified":"2025-02-18T09:57:47","modified_gmt":"2025-02-18T15:57:47","slug":"asesinan-a-balazos-dos-personas-en-ejutla-y-jamiltepec","status":"publish","type":"post","link":"https:\/\/zonaroja.com.mx\/?p=77627","title":{"rendered":"Asesinan a balazos tres personas, en Ejutla, Jamiltepec y Ocotl\u00e1n"},"content":{"rendered":"\n<p>Raymundo Morales\/Zona Roja.<\/p>\n\n\n\n<p>Oaxaca de Ju\u00e1rez, Oax., a 18 de febrero de 2025.- Aunado a la emboscada en Mazatl\u00e1n Villa de Flores, que dej\u00f3 como saldo una persona fallecida y cuatro lesionadas, entre ellas el edil, ayer se perpetraron otros tres cr\u00edmenes.<\/p>\n\n\n\n<p>Uno de ellos ocurri\u00f3 anoche en Santiago Jamiltepec, municipio de la regi\u00f3n Costa de Oaxaca, en que fue ultimado a balazos un individuo.<\/p>\n\n\n\n<p>El cuerpo fue localizado a unos metros del palacio municipal y hasta ahora la v\u00edctima ha sido identificada \u00fanicamente con las iniciales de R. P. N., de 30 a\u00f1os de edad.<\/p>\n\n\n\n<p>Los hechos ocurrieron alrededor de las 20:30 horas en que sujetos armados acribillaron al individuo; pese a que por una fiesta de la comunidad hab\u00eda cientos de personas, los agresores lograron huir.<\/p>\n\n\n\n<p>Otro caso ocurri\u00f3 ayer por la tarde en Ejutla de Crespo, municipio de la regi\u00f3n Valles Centrales, en que ejecutaron a un ex guardia de seguridad al que identificaron como Hunter \u201cN\u201d.<\/p>\n\n\n\n<p>Fue en la calle Jos\u00e9 Mar\u00eda Ram\u00edrez, del centro de la cabecera municipal, en que fue ultimado el individuo y hasta el momento se desconocen las causas y la identidad de los agresores.<\/p>\n\n\n\n<p>El ejecutado presuntamente fue guardia de seguridad y funcionario del quien fuera presidente municipal de Miahuatl\u00e1n de Porfirio D\u00edaz, Jos\u00e9 Alberto Mart\u00ednez. <\/p>\n\n\n\n<p>Otro individuo baleado la v\u00edspera en Ocotl\u00e1n de Morelos, muri\u00f3 ayer en la ma\u00f1ana en un hospital; fue identificado de manera preliminar como Freddy H. T.<\/p>\n\n\n\n<p>La Fiscal\u00eda General del Estado de Oaxaca inform\u00f3 que indaga los casos, con la finalidad de detener a los delincuentes y llevarlos ante la justicia.<\/p>\n","protected":false},"excerpt":{"rendered":"<p>Raymundo Morales\/Zona Roja. Oaxaca de Ju\u00e1rez, Oax., a 18 de febrero de 2025.- Aunado a&hellip;<\/p>\n","protected":false},"author":2,"featured_media":74062,"comment_status":"closed","ping_status":"open","sticky":false,"template":"","format":"standard","meta":{"_lmt_disableupdate":"","_lmt_disable":"","_jetpack_memberships_contains_paid_content":false,"footnotes":""},"categories":[109,51],"tags":[702,797],"class_list":["post-77627","post","type-post","status-publish","format-standard","has-post-thumbnail","hentry","category-minuto-a-minuto","category-zona-roja","tag-ejutla-de-crespo","tag-santiago-jamiltepec"],"jetpack_featured_media_url":"https:\/\/zonaroja.com.mx\/wp-content\/uploads\/2024\/11\/Escena-del-crimen-1.jpg","jetpack_sharing_enabled":true,"_links":{"self":[{"href":"https:\/\/zonaroja.com.mx\/index.php?rest_route=\/wp\/v2\/posts\/77627","targetHints":{"allow":["GET"]}}],"collection":[{"href":"https:\/\/zonaroja.com.mx\/index.php?rest_route=\/wp\/v2\/posts"}],"about":[{"href":"https:\/\/zonaroja.com.mx\/index.php?rest_route=\/wp\/v2\/types\/post"}],"author":[{"embeddable":true,"href":"https:\/\/zonaroja.com.mx\/index.php?rest_route=\/wp\/v2\/users\/2"}],"replies":[{"embeddable":true,"href":"https:\/\/zonaroja.com.mx\/index.php?rest_route=%2Fwp%2Fv2%2Fcomments&post=77627"}],"version-history":[{"count":2,"href":"https:\/\/zonaroja.com.mx\/index.php?rest_route=\/wp\/v2\/posts\/77627\/revisions"}],"predecessor-version":[{"id":77641,"href":"https:\/\/zonaroja.com.mx\/index.php?rest_route=\/wp\/v2\/posts\/77627\/revisions\/77641"}],"wp:featuredmedia":[{"embeddable":true,"href":"https:\/\/zonaroja.com.mx\/index.php?rest_route=\/wp\/v2\/media\/74062"}],"wp:attachment":[{"href":"https:\/\/zonaroja.com.mx\/index.php?rest_route=%2Fwp%2Fv2%2Fmedia&parent=77627"}],"wp:term":[{"taxonomy":"category","embeddable":true,"href":"https:\/\/zonaroja.com.mx\/index.php?rest_route=%2Fwp%2Fv2%2Fcategories&post=77627"},{"taxonomy":"post_tag","embeddable":true,"href":"https:\/\/zonaroja.com.mx\/index.php?rest_route=%2Fwp%2Fv2%2Ftags&post=77627"}],"curies":[{"name":"wp","href":"https:\/\/api.w.org\/{rel}","templated":true}]}}