{"id":77629,"date":"2025-02-18T10:15:00","date_gmt":"2025-02-18T16:15:00","guid":{"rendered":"https:\/\/zonaroja.com.mx\/?p=77629"},"modified":"2025-02-18T07:05:32","modified_gmt":"2025-02-18T13:05:32","slug":"corrobora-proceso-la-pifia-en-listado-entregado-por-norona-al-ine","status":"publish","type":"post","link":"https:\/\/zonaroja.com.mx\/?p=77629","title":{"rendered":"Corrobora \u201cProceso\u201d la pifia en listado entregado por Noro\u00f1a al INE"},"content":{"rendered":"\n<p>Redacci\u00f3n\/Zona Roja Cdmx.<\/p>\n\n\n\n<p>Ciudad de M\u00e9xico, a 18 de febrero de 2025.- La lista de 4 mil 224 nombres de candidatos a la elecci\u00f3n judicial que el senador Gerardo Fern\u00e1ndez Noro\u00f1a entreg\u00f3 al Instituto Nacional Electoral (INE) el pasado 12 de febrero no inclu\u00eda a Lenia Batres Guadarrama, Yasm\u00edn Esquivel Mossa y Loretta Ortiz Ahlf, las tres ministras de la Suprema Corte de Justicia de la Naci\u00f3n (SCJN) alineadas con Morena que tuvieron un \u201cpase directo\u201d para los comicios.&nbsp;<\/p>\n\n\n\n<p>Esta pifia sali\u00f3 a relucir hoy (ayer), durante una sesi\u00f3n extraordinaria del Consejo General del INE. Varios consejeros preguntaron por qu\u00e9 el INE public\u00f3, en la madrugada del domingo 16, un listado de candidatos distinto al que le hab\u00eda entregado el presidente de la Mesa Directiva del Senado cuatro d\u00edas antes, durante una ceremonia oficial.&nbsp;<\/p>\n\n\n\n<p>En la lista que la Secretar\u00eda Ejecutiva del INE public\u00f3 en el sitio de Internet se sumaron los nombres de Batres, Esquivel y Ortiz, que no estaban en el listado de Fern\u00e1ndez Noro\u00f1a, y se retiraron al menos 7 candidaturas de jueces y magistrados. Seg\u00fan la consejera Claudia Zavala P\u00e9rez, 15 nombres fueron eliminados de la lista original, y se agregaron 6 nuevos.&nbsp;<\/p>\n\n\n\n<p>\u201cHay diferencias detectables entre los listados que el INE recibi\u00f3 el 12 de febrero y lo que se public\u00f3 el domingo 16 en el portal digital del INE. Y no queda claro por qu\u00e9\u201d, subray\u00f3 el consejero Jaime Rivera Vel\u00e1zquez. \u201cCabe la pregunta, es una pregunta de fondo: \u00bfqui\u00e9nes los agregaron o excluyeron y por qu\u00e9?\u201d, lanz\u00f3.&nbsp;<\/p>\n\n\n\n<p>Aunque ning\u00fan integrante del Consejo General se refiri\u00f3 a las tres ministras por sus nombres, \u201cProceso\u201d verific\u00f3 que las tres mujeres cercanas al expresidente Andr\u00e9s Manuel L\u00f3pez Obrador no figuraba en la lista de Fern\u00e1ndez Noro\u00f1a, y aparecieron en la lista \u201cactualizada\u201d publicada en el sitio del INE.&nbsp;<\/p>\n\n\n\n<p>\u201cLa Secretar\u00eda Ejecutiva public\u00f3 entonces algo diferente. Cabe preguntarse \u00bftiene facultad para hacerlo? No lo autoriz\u00f3 el Consejo General, m\u00e1s bien, hab\u00eda el consenso de que deber\u00eda publicarse, tal cual se hayan recibido los listados desde el d\u00eda 12, porque es lo que nos entreg\u00f3 el Senado\u201d, insisti\u00f3 el consejero Rivera.&nbsp;<\/p>\n\n\n\n<p>La lista de candidatos que Fern\u00e1ndez Noro\u00f1a entreg\u00f3 al INE se iba a aprobar durante la sesi\u00f3n del Consejo General convocado para las 2 de la tarde del pasado s\u00e1bado 15 de febrero. Sin embargo, a punto de arrancar la sesi\u00f3n, la consejera presidenta Guadalupe Taddei Zavala cancel\u00f3 el evento, alegando una emergencia de salud. \u201cYo estaba conectada a la sesi\u00f3n, tuve que salir de emergencia al doctor\u201d, dijo Taddei hoy.&nbsp;<\/p>\n\n\n\n<p>Ese mismo d\u00eda, la Presidencia de la Mesa Directiva de la C\u00e1mara de Senadores \u2013es decir, el equipo de Fern\u00e1ndez Noro\u00f1a\u2014entreg\u00f3 un CD con una lista actualizada, que inclu\u00eda a los nombres de las tres ministras. \u201cTiene que quedar claro que el INE no est\u00e1 cambiando nada, ni est\u00e1 quitando ni est\u00e1 poniendo a nadie (\u2026) de d\u00f3nde salen, porqu\u00e9 se excluyeron, porqu\u00e9 se incluyeron, no lo sabemos\u201d, precis\u00f3 la consejera Zavala.&nbsp;<\/p>\n\n\n\n<p>Derivado de este asunto, los consejeros pidieron a la Secretar\u00eda Ejecutiva que publique en el sitio del INE la lista original y todas las listas actualizadas que el Senado elabor\u00f3 o producir\u00e1 de aqu\u00ed al jueves 20 de febrero, fecha prevista para enviar a imprimir las cerca de 600 millones de boletas que respaldar\u00e1n las elecciones judiciales del pr\u00f3ximo 1 de junio.&nbsp;<\/p>\n\n\n\n<p>&nbsp;(Informaci\u00f3n de la agencia \u201cProceso\u201d)<\/p>\n","protected":false},"excerpt":{"rendered":"<p>Redacci\u00f3n\/Zona Roja Cdmx. Ciudad de M\u00e9xico, a 18 de febrero de 2025.- La lista de&hellip;<\/p>\n","protected":false},"author":2,"featured_media":77630,"comment_status":"closed","ping_status":"open","sticky":false,"template":"","format":"standard","meta":{"_lmt_disableupdate":"","_lmt_disable":"","_jetpack_memberships_contains_paid_content":false,"footnotes":""},"categories":[109,47],"tags":[3707],"class_list":["post-77629","post","type-post","status-publish","format-standard","has-post-thumbnail","hentry","category-minuto-a-minuto","category-zona-gris","tag-poder-judicial-de-la-federacion"],"jetpack_featured_media_url":"https:\/\/zonaroja.com.mx\/wp-content\/uploads\/2025\/02\/Aspirantes-a-poder-judicial-federal.webp","jetpack_sharing_enabled":true,"_links":{"self":[{"href":"https:\/\/zonaroja.com.mx\/index.php?rest_route=\/wp\/v2\/posts\/77629","targetHints":{"allow":["GET"]}}],"collection":[{"href":"https:\/\/zonaroja.com.mx\/index.php?rest_route=\/wp\/v2\/posts"}],"about":[{"href":"https:\/\/zonaroja.com.mx\/index.php?rest_route=\/wp\/v2\/types\/post"}],"author":[{"embeddable":true,"href":"https:\/\/zonaroja.com.mx\/index.php?rest_route=\/wp\/v2\/users\/2"}],"replies":[{"embeddable":true,"href":"https:\/\/zonaroja.com.mx\/index.php?rest_route=%2Fwp%2Fv2%2Fcomments&post=77629"}],"version-history":[{"count":1,"href":"https:\/\/zonaroja.com.mx\/index.php?rest_route=\/wp\/v2\/posts\/77629\/revisions"}],"predecessor-version":[{"id":77631,"href":"https:\/\/zonaroja.com.mx\/index.php?rest_route=\/wp\/v2\/posts\/77629\/revisions\/77631"}],"wp:featuredmedia":[{"embeddable":true,"href":"https:\/\/zonaroja.com.mx\/index.php?rest_route=\/wp\/v2\/media\/77630"}],"wp:attachment":[{"href":"https:\/\/zonaroja.com.mx\/index.php?rest_route=%2Fwp%2Fv2%2Fmedia&parent=77629"}],"wp:term":[{"taxonomy":"category","embeddable":true,"href":"https:\/\/zonaroja.com.mx\/index.php?rest_route=%2Fwp%2Fv2%2Fcategories&post=77629"},{"taxonomy":"post_tag","embeddable":true,"href":"https:\/\/zonaroja.com.mx\/index.php?rest_route=%2Fwp%2Fv2%2Ftags&post=77629"}],"curies":[{"name":"wp","href":"https:\/\/api.w.org\/{rel}","templated":true}]}}