{"id":77632,"date":"2025-02-18T11:09:00","date_gmt":"2025-02-18T17:09:00","guid":{"rendered":"https:\/\/zonaroja.com.mx\/?p=77632"},"modified":"2025-02-18T07:10:07","modified_gmt":"2025-02-18T13:10:07","slug":"detienen-a-un-individuo-que-violo-a-una-adolescente-en-huajuapan","status":"publish","type":"post","link":"https:\/\/zonaroja.com.mx\/?p=77632","title":{"rendered":"Detienen a un individuo que viol\u00f3 a una adolescente en Huajuapan"},"content":{"rendered":"\n<p>Redacci\u00f3n\/Zona Roja.&nbsp;<\/p>\n\n\n\n<p>Oaxaca de Ju\u00e1rez, Oax., a 18 de febrero de 2025.- Como parte de las acciones de combate a delitos de alto impacto, la Fiscal\u00eda General del Estado de Oaxaca (FGEO) ejecut\u00f3 una orden de aprehensi\u00f3n en contra de una persona del sexo masculino identificada como C.C.G. por el delito de violaci\u00f3n equiparada agravada.<\/p>\n\n\n\n<p>De acuerdo con el expediente penal, los hechos ocurrieron en diferentes momentos del mes de abril y junio de 2023 en diferentes lugares del municipio de Huajuapan de Le\u00f3n, lugares en los que la v\u00edctima -una adolescente, cuyos datos est\u00e1n reservados por ley- fue agredida.<\/p>\n\n\n\n<p>Tras recibir la denuncia, la FGEO inici\u00f3 la investigaci\u00f3n correspondiente a trav\u00e9s de la Vicefiscal\u00eda Regional de la Mixteca, logrando obtener una orden de aprehensi\u00f3n en contra de C.C.G. por el delito de violaci\u00f3n equiparada agravada.<\/p>\n\n\n\n<p>Elementos de la Agencia Estatal de Investigaciones dieron cumplimiento al mandato judicial, logrando la detenci\u00f3n de C.C.G., quien fue llevado ante el Juez de control, el cual determin\u00f3 imponerle la medida cautelar de prisi\u00f3n preventiva.<\/p>\n\n\n\n<p>La Fiscal\u00eda de Oaxaca prioriza las investigaciones relacionadas con delitos cometidos contra ni\u00f1as, ni\u00f1os y adolescentes, para presentar ante la justicia a los responsables a fin de garantizar el derecho a una vida libre de violencia.<\/p>\n\n\n\n<p>FALLO CONDENATORIO<\/p>\n\n\n\n<p>En otro caso, la Fiscal\u00eda General obtuvo un fallo condenatorio en contra de una persona del sexo masculino identificada como Marcelino P.C.&nbsp; por el delito de desaparici\u00f3n cometida por particulares, hechos ocurridos en la regi\u00f3n de Valles Centrales.<\/p>\n\n\n\n<p>De acuerdo con el expediente penal, los hechos ocurrieron en marzo de 2020 cuando la v\u00edctima, una persona del sexo femenino identificada como A.L.R.C., fue privada de la libertad por el imputado Marcelino P.C., posteriormente se encontr\u00f3 el cuerpo sin vida de la v\u00edctima en inmediaciones del paraje La Soledad, zona perteneciente a Zimatl\u00e1n de \u00c1lvarez.<\/p>\n\n\n\n<p>Ante este hecho, la FGEO a trav\u00e9s de la Unidad Especializada en Desaparici\u00f3n Forzada de la Vicefiscal\u00eda General de Atenci\u00f3n a V\u00edctimas y a la Sociedad, iniciando la investigaci\u00f3n correspondiente que permiti\u00f3 la aprehensi\u00f3n del imputado que, tras ser presentado ante el Juzgado de Control, fue vinculado a proceso.<\/p>\n\n\n\n<p>Despu\u00e9s de presentar las pruebas ante el Juez de la causa, la Fiscal\u00eda de Oaxaca logr\u00f3 obtener el fallo condenatorio en contra de Marcelino P.C.&nbsp; por el delito de desaparici\u00f3n cometida por particulares, quedando a la espera para la lectura de la sentencia.<\/p>\n","protected":false},"excerpt":{"rendered":"<p>Redacci\u00f3n\/Zona Roja.&nbsp; Oaxaca de Ju\u00e1rez, Oax., a 18 de febrero de 2025.- Como parte de&hellip;<\/p>\n","protected":false},"author":2,"featured_media":77633,"comment_status":"closed","ping_status":"open","sticky":false,"template":"","format":"standard","meta":{"_lmt_disableupdate":"","_lmt_disable":"","_jetpack_memberships_contains_paid_content":false,"footnotes":""},"categories":[109,46],"tags":[494],"class_list":["post-77632","post","type-post","status-publish","format-standard","has-post-thumbnail","hentry","category-minuto-a-minuto","category-zona-blanca","tag-fiscalia-general-del-estado-de-oaxaca"],"jetpack_featured_media_url":"https:\/\/zonaroja.com.mx\/wp-content\/uploads\/2025\/02\/Detenido-violacion-Huajuapan.jpg","jetpack_sharing_enabled":true,"_links":{"self":[{"href":"https:\/\/zonaroja.com.mx\/index.php?rest_route=\/wp\/v2\/posts\/77632","targetHints":{"allow":["GET"]}}],"collection":[{"href":"https:\/\/zonaroja.com.mx\/index.php?rest_route=\/wp\/v2\/posts"}],"about":[{"href":"https:\/\/zonaroja.com.mx\/index.php?rest_route=\/wp\/v2\/types\/post"}],"author":[{"embeddable":true,"href":"https:\/\/zonaroja.com.mx\/index.php?rest_route=\/wp\/v2\/users\/2"}],"replies":[{"embeddable":true,"href":"https:\/\/zonaroja.com.mx\/index.php?rest_route=%2Fwp%2Fv2%2Fcomments&post=77632"}],"version-history":[{"count":1,"href":"https:\/\/zonaroja.com.mx\/index.php?rest_route=\/wp\/v2\/posts\/77632\/revisions"}],"predecessor-version":[{"id":77634,"href":"https:\/\/zonaroja.com.mx\/index.php?rest_route=\/wp\/v2\/posts\/77632\/revisions\/77634"}],"wp:featuredmedia":[{"embeddable":true,"href":"https:\/\/zonaroja.com.mx\/index.php?rest_route=\/wp\/v2\/media\/77633"}],"wp:attachment":[{"href":"https:\/\/zonaroja.com.mx\/index.php?rest_route=%2Fwp%2Fv2%2Fmedia&parent=77632"}],"wp:term":[{"taxonomy":"category","embeddable":true,"href":"https:\/\/zonaroja.com.mx\/index.php?rest_route=%2Fwp%2Fv2%2Fcategories&post=77632"},{"taxonomy":"post_tag","embeddable":true,"href":"https:\/\/zonaroja.com.mx\/index.php?rest_route=%2Fwp%2Fv2%2Ftags&post=77632"}],"curies":[{"name":"wp","href":"https:\/\/api.w.org\/{rel}","templated":true}]}}