{"id":77637,"date":"2025-02-18T13:18:00","date_gmt":"2025-02-18T19:18:00","guid":{"rendered":"https:\/\/zonaroja.com.mx\/?p=77637"},"modified":"2025-02-18T07:19:21","modified_gmt":"2025-02-18T13:19:21","slug":"opinion-para-que-reformar-la-constitucion","status":"publish","type":"post","link":"https:\/\/zonaroja.com.mx\/?p=77637","title":{"rendered":"Opini\u00f3n. \u00bfPara qu\u00e9 reformar la Constituci\u00f3n?"},"content":{"rendered":"\n<p>Isidoro Yescas*<\/p>\n\n\n\n<p>No tendr\u00e1 los alcances&nbsp;jur\u00eddicos,&nbsp;solidez pol\u00edtico-social&nbsp;ni la&nbsp;legitimidad&nbsp;que, en su momento, la tuvieron las constituciones pol\u00edticas de 1825 y 1922,&nbsp;pero,&nbsp;con &nbsp;frentes abiertos por todos lados y urgido de&nbsp;blindarse en el corto y mediano plazo,&nbsp;el gobierno primaveral ya est\u00e1 \u201cenrutado\u201d en un &nbsp;proyecto de reformas a la&nbsp;Constituci\u00f3n Pol\u00edtica del Estado Libre y Soberano de Oaxaca. Se&nbsp;tratar\u00e1&nbsp;de&nbsp;\u201cuna carta magna actualizada, renovada y acorde a los tiempos actuales y futuros (sic)\u201d, seg\u00fan reza el texto del bolet\u00edn del Gobierno del Estado&nbsp;del 10 de enero de este a\u00f1o,&nbsp;cuando se hizo oficial el anuncio de esta iniciativa&nbsp;por parte del&nbsp;jefe del poder ejecutivo.&nbsp;<\/p>\n\n\n\n<p>Y para&nbsp;darle un barniz ciudadano de&nbsp;una decisi\u00f3n ya tomada, y muy probablemente &nbsp;con el anteproyecto ya &nbsp;en el escritorio, el gobierno&nbsp;ha impulsado la formaci\u00f3n de&nbsp;una comisi\u00f3n \u201cad hoc\u201d&nbsp;que se est\u00e1 encargando de realizar&nbsp;algunos foros p\u00fablicos regionales&nbsp;para que, &nbsp;en un plazo menor a tres meses, el gobernador Salom\u00f3n Jara presente formalmente su iniciativa de una&nbsp;gran reforma constitucional&nbsp;\u201ccon enfoque intercultural\u201d, mismo que, sin quitarle una coma, estar\u00eda aprobando la LXVI Legislatura local.&nbsp;<\/p>\n\n\n\n<p>Sobre sus intenciones y alcances&nbsp;existen&nbsp;mas dudas que certezas pues aunque Oaxaca ya requiere de un nuevo&nbsp;corpus&nbsp;constitucional&nbsp;que responda a los grandes cambios sociopol\u00edticos que se han registrado en la entidad de 1922 a la fecha, lo que se advierte en el proyecto primaveral&nbsp;pareciera que va m\u00e1s en el sentido de impulsar cambios y enmiendas&nbsp;gatopardianas, es decir de cambiar para que todo siga igual\u2026o peor.&nbsp;<\/p>\n\n\n\n<p>En&nbsp;un escenario catastr\u00f3fico&nbsp;no se descartar\u00eda que, frente a&nbsp;las&nbsp;disputas&nbsp;pol\u00edtico-medi\u00e1ticas que el poder ejecutivo viene librando con &nbsp;diversos actores&nbsp;nacionales y regionales de la 4T y con un sector &nbsp;de organizaciones sociales, lo que se pretenda es otorgarle mayores facultades discrecionales al jefe del Poder Ejecutivo, restarle mayor fuerza a los mecanismos de rendici\u00f3n de cuentas y participaci\u00f3n ciudadana y debilitar los contrapesos institucionales.&nbsp;<\/p>\n\n\n\n<p>Bajo este \u00faltimo escenario lo que ya est\u00e1 escrito en materia de participaci\u00f3n ciudadana&nbsp;(revocaci\u00f3n&nbsp;de mandato, plebiscito y refer\u00e9ndum)&nbsp;podr\u00eda permanecer sin cambios visto su inaplicabilidad y a lo m\u00e1s podr\u00edan introducirse algunas peque\u00f1as &nbsp;enmiendas que, a final de cuentas, servir\u00edan de poco en tanto lo que se requiere es &nbsp;una revisi\u00f3n a fondo en todo el articulado de la Ley de Participaci\u00f3n Ciudadana.&nbsp;<\/p>\n\n\n\n<p>Eso mismo estar\u00eda ocurriendo con los mecanismos de rendici\u00f3n de cuentas y, de manera especial, en lo que hace al combate a la corrupci\u00f3n.<\/p>\n\n\n\n<p>Con una oposici\u00f3n partidista casi inexistente&nbsp;y &nbsp;que&nbsp;&nbsp;a nivel del Congreso local se ha mostrado bastante d\u00f3cil al jefe del Poder Ejecutivo, ni siquiera cabr\u00eda&nbsp;imaginar que alg\u00fan diputado o diputada del PAN o PRI se atreva a presentar una iniciativa para combatir el nepotismo administrativo que ya se ha convertido en un signo distintivo del gobierno primaveral.&nbsp;<\/p>\n\n\n\n<p>Solo como an\u00e9cdota, habr\u00e1 que citar que hace algunos a\u00f1os, y para ser m\u00e1s exactos, en noviembre del 2018, el entonces diputado federal de Morena, Irineo Molina Espinoza, present\u00f3 ante el Congreso federal una iniciativa de ley para combatir el nepotismo&nbsp;administrativo &nbsp;mediante&nbsp;la adici\u00f3n de un p\u00e1rrafo al art\u00edculo 63 de la Ley General de Responsabilidades Administrativas.<\/p>\n\n\n\n<p>Hoy, cuando crecen las tensiones y choques pol\u00edtico-medi\u00e1ticos entre las \u00e9lites pol\u00edticas de la 4T, &nbsp;destacadamente entre &nbsp;el gobierno de &nbsp;Salom\u00f3n Jara con el clan de los Murat y el PT, y se hace m\u00e1s visible la mano dura&nbsp;del Poder Ejecutivo hacia todo tipo de disidencias, la sola idea de una Constituci\u00f3n corregida y aumentada es preocupante porque, en el fondo, no estar\u00eda respondiendo a los reclamos ciudadanos de justicia, democracia y paz social sino a un proyecto de reinstauraci\u00f3n autoritaria del poder.&nbsp;<\/p>\n\n\n\n<p>*Maestro en Sociolog\u00eda.<\/p>\n\n\n\n<p>X: @YescasIsidoro<\/p>\n","protected":false},"excerpt":{"rendered":"<p>Isidoro Yescas* No tendr\u00e1 los alcances&nbsp;jur\u00eddicos,&nbsp;solidez pol\u00edtico-social&nbsp;ni la&nbsp;legitimidad&nbsp;que, en su momento, la tuvieron las constituciones&hellip;<\/p>\n","protected":false},"author":2,"featured_media":71623,"comment_status":"closed","ping_status":"open","sticky":false,"template":"","format":"standard","meta":{"_lmt_disableupdate":"","_lmt_disable":"","_jetpack_memberships_contains_paid_content":false,"footnotes":""},"categories":[456,109],"tags":[3998],"class_list":["post-77637","post","type-post","status-publish","format-standard","has-post-thumbnail","hentry","category-columna","category-minuto-a-minuto","tag-isidoro-yescas-martinez"],"jetpack_featured_media_url":"https:\/\/zonaroja.com.mx\/wp-content\/uploads\/2024\/08\/Opinion.-Isidoro-Yescas.jpg","jetpack_sharing_enabled":true,"_links":{"self":[{"href":"https:\/\/zonaroja.com.mx\/index.php?rest_route=\/wp\/v2\/posts\/77637","targetHints":{"allow":["GET"]}}],"collection":[{"href":"https:\/\/zonaroja.com.mx\/index.php?rest_route=\/wp\/v2\/posts"}],"about":[{"href":"https:\/\/zonaroja.com.mx\/index.php?rest_route=\/wp\/v2\/types\/post"}],"author":[{"embeddable":true,"href":"https:\/\/zonaroja.com.mx\/index.php?rest_route=\/wp\/v2\/users\/2"}],"replies":[{"embeddable":true,"href":"https:\/\/zonaroja.com.mx\/index.php?rest_route=%2Fwp%2Fv2%2Fcomments&post=77637"}],"version-history":[{"count":1,"href":"https:\/\/zonaroja.com.mx\/index.php?rest_route=\/wp\/v2\/posts\/77637\/revisions"}],"predecessor-version":[{"id":77638,"href":"https:\/\/zonaroja.com.mx\/index.php?rest_route=\/wp\/v2\/posts\/77637\/revisions\/77638"}],"wp:featuredmedia":[{"embeddable":true,"href":"https:\/\/zonaroja.com.mx\/index.php?rest_route=\/wp\/v2\/media\/71623"}],"wp:attachment":[{"href":"https:\/\/zonaroja.com.mx\/index.php?rest_route=%2Fwp%2Fv2%2Fmedia&parent=77637"}],"wp:term":[{"taxonomy":"category","embeddable":true,"href":"https:\/\/zonaroja.com.mx\/index.php?rest_route=%2Fwp%2Fv2%2Fcategories&post=77637"},{"taxonomy":"post_tag","embeddable":true,"href":"https:\/\/zonaroja.com.mx\/index.php?rest_route=%2Fwp%2Fv2%2Ftags&post=77637"}],"curies":[{"name":"wp","href":"https:\/\/api.w.org\/{rel}","templated":true}]}}