{"id":77648,"date":"2025-02-18T21:29:01","date_gmt":"2025-02-19T03:29:01","guid":{"rendered":"https:\/\/zonaroja.com.mx\/?p=77648"},"modified":"2025-02-18T21:29:01","modified_gmt":"2025-02-19T03:29:01","slug":"trump-asegura-que-mexico-esta-dirigido-en-gran-medida-por-los-carteles","status":"publish","type":"post","link":"https:\/\/zonaroja.com.mx\/?p=77648","title":{"rendered":"Trump asegura que M\u00e9xico est\u00e1 dirigido \u201cen gran medida\u201d por los c\u00e1rteles"},"content":{"rendered":"\n<p>Redacci\u00f3n\/Zona Roja Cdmx.<\/p>\n\n\n\n<p>Ciudad de M\u00e9xico, a 18 de febrero de 2025.- El presidente de Estados Unidos, Donald Trump, afirm\u00f3 este martes que M\u00e9xico est\u00e1 gobernado en gran parte por los c\u00e1rteles del narcotr\u00e1fico.<\/p>\n\n\n\n<p>El mandatario hizo estas declaraciones en una rueda de prensa en Florida al ser cuestionado por los vuelos de drones de la CIA sobre territorio mexicano para vigilar a los narcotraficantes.<\/p>\n\n\n\n<p>\u201cTengo una muy buena relaci\u00f3n con M\u00e9xico, pero creo que M\u00e9xico est\u00e1 dirigido en gran medida por los c\u00e1rteles, y eso es algo triste de decir\u201d, declar\u00f3 el mandatario.<\/p>\n\n\n\n<p>Agreg\u00f3 que si M\u00e9xico solicita ayuda para el combate a los c\u00e1rteles de la droga, \u201cse la dar\u00edamos\u201d, aunque insisti\u00f3 que el pa\u00eds \u201cdesde hace a\u00f1os, pero ahora especialmente, est\u00e1 dirigido por los c\u00e1rteles\u201d.<\/p>\n\n\n\n<p>Adem\u00e1s, el presidente estadounidense acus\u00f3 a las autoridades mexicanas de permitir que millones de personas ingresen a EEUU desde c\u00e1rceles y prisiones de todo el mundo.<\/p>\n\n\n\n<p>\u201cNo s\u00f3lo Sudam\u00e9rica, \u00c1frica, Asia, del Congo, en \u00c1frica, ellos abren sus c\u00e1rceles, vinieron a trav\u00e9s de M\u00e9xico y tenemos algunos de los peores criminales viniendo del Congo y otros lugares\u201d, dijo.<\/p>\n\n\n\n<p>Apunt\u00f3 que en Sudam\u00e9rica y en Venezuela los \u00edndices de criminalidad bajaron porque \u201cnos dieron sus prisioneros, nos dieron sus jefes de la droga, integrantes de pandillas y es dif\u00edcil de creer que aceptamos esto\u201d.<\/p>\n\n\n\n<p>\u201c\u00bfPor qu\u00e9 nos han dado a estas personas y por qu\u00e9 las aceptamos bajo (Joe) Biden. Las buenas noticias son que ahora tenemos la frontera m\u00e1s segura, incluso m\u00e1s segura que hace cuatro a\u00f1os\u00bb, indic\u00f3 el mandatario norteamericano, quien tambi\u00e9n dijo que tanto Tom Homan, zar de la frontera, como Kristi Noem, secretaria estadounidense de Seguridad Nacional, han estado \u201ctrabajando duro\u201d.<\/p>\n\n\n\n<p>La declaraci\u00f3n del mandatario se da luego de que medios estadounidenses dieran a conocer que la Agencia Central de Inteligencia (CIA, por sus siglas en ingl\u00e9s) implement\u00f3 vuelos encubiertos de drones en territorio mexicano para ubicar laboratorios clandestinos.<\/p>\n\n\n\n<p>Estos vuelos, seg\u00fan CNN y el diario The New York Times, comenzaron durante la administraci\u00f3n de Joe Biden. La informaci\u00f3n se revela d\u00edas despu\u00e9s de que se diera a conocer que tres aeronaves militares esp\u00edas de los Estados Unidos han sobrevolado en los l\u00edmites del pa\u00eds y fuera del Espacio A\u00e9reo Mexicano .<\/p>\n\n\n\n<p>Dos de las aeronaves sobrevolaron el Golfo de Baja California por el mar de Cort\u00e9s; un tercer avi\u00f3n lo hizo por la franja fronteriza con M\u00e9xico desde Florida, pasando por los l\u00edmites de Tamaulipas, Coahuila y en Ciudad Ju\u00e1rez, Chihuahua.<\/p>\n\n\n\n<p>(Informaci\u00f3n de Infobae M\u00e9xico)<\/p>\n","protected":false},"excerpt":{"rendered":"<p>Redacci\u00f3n\/Zona Roja Cdmx. Ciudad de M\u00e9xico, a 18 de febrero de 2025.- El presidente de&hellip;<\/p>\n","protected":false},"author":2,"featured_media":75790,"comment_status":"closed","ping_status":"open","sticky":false,"template":"","format":"standard","meta":{"_lmt_disableupdate":"","_lmt_disable":"","_jetpack_memberships_contains_paid_content":false,"footnotes":""},"categories":[109,47],"tags":[1060],"class_list":["post-77648","post","type-post","status-publish","format-standard","has-post-thumbnail","hentry","category-minuto-a-minuto","category-zona-gris","tag-donald-trump"],"jetpack_featured_media_url":"https:\/\/zonaroja.com.mx\/wp-content\/uploads\/2024\/12\/Claudia-Sheinbaum-y-Donald-Trump.jpg","jetpack_sharing_enabled":true,"_links":{"self":[{"href":"https:\/\/zonaroja.com.mx\/index.php?rest_route=\/wp\/v2\/posts\/77648","targetHints":{"allow":["GET"]}}],"collection":[{"href":"https:\/\/zonaroja.com.mx\/index.php?rest_route=\/wp\/v2\/posts"}],"about":[{"href":"https:\/\/zonaroja.com.mx\/index.php?rest_route=\/wp\/v2\/types\/post"}],"author":[{"embeddable":true,"href":"https:\/\/zonaroja.com.mx\/index.php?rest_route=\/wp\/v2\/users\/2"}],"replies":[{"embeddable":true,"href":"https:\/\/zonaroja.com.mx\/index.php?rest_route=%2Fwp%2Fv2%2Fcomments&post=77648"}],"version-history":[{"count":1,"href":"https:\/\/zonaroja.com.mx\/index.php?rest_route=\/wp\/v2\/posts\/77648\/revisions"}],"predecessor-version":[{"id":77649,"href":"https:\/\/zonaroja.com.mx\/index.php?rest_route=\/wp\/v2\/posts\/77648\/revisions\/77649"}],"wp:featuredmedia":[{"embeddable":true,"href":"https:\/\/zonaroja.com.mx\/index.php?rest_route=\/wp\/v2\/media\/75790"}],"wp:attachment":[{"href":"https:\/\/zonaroja.com.mx\/index.php?rest_route=%2Fwp%2Fv2%2Fmedia&parent=77648"}],"wp:term":[{"taxonomy":"category","embeddable":true,"href":"https:\/\/zonaroja.com.mx\/index.php?rest_route=%2Fwp%2Fv2%2Fcategories&post=77648"},{"taxonomy":"post_tag","embeddable":true,"href":"https:\/\/zonaroja.com.mx\/index.php?rest_route=%2Fwp%2Fv2%2Ftags&post=77648"}],"curies":[{"name":"wp","href":"https:\/\/api.w.org\/{rel}","templated":true}]}}