{"id":77656,"date":"2025-02-19T08:10:00","date_gmt":"2025-02-19T14:10:00","guid":{"rendered":"https:\/\/zonaroja.com.mx\/?p=77656"},"modified":"2025-02-19T07:12:10","modified_gmt":"2025-02-19T13:12:10","slug":"demandan-en-morena-no-avalar-militancia-de-alejandro-murat","status":"publish","type":"post","link":"https:\/\/zonaroja.com.mx\/?p=77656","title":{"rendered":"Demandan en Morena no avalar militancia de Alejandro Murat"},"content":{"rendered":"\n<p>Raymundo Morales\/Zona Roja.<\/p>\n\n\n\n<p>Oaxaca de Ju\u00e1rez, Oax., a 19 de febrero de 2025.- Este martes, el ex gobernador priista de Oaxaca, Alejandro Murat Hinojosa, difundi\u00f3 una fotograf\u00eda con Luisa Alcalde, presidenta nacional del Partido Morena, y con su credencial de afiliaci\u00f3n en mano.<\/p>\n\n\n\n<p>\u201cReafirmando mi compromiso con la transformaci\u00f3n de M\u00e9xico; en presencia de\u00a0@LuisaAlcalde\u201d, difundi\u00f3 en sus redes sociales; hace una semana tambi\u00e9n dio a conocer una fotograf\u00eda con Andr\u00e9s L\u00f3pez Beltr\u00e1n, secretario de Organizaci\u00f3n: \u201c\u00a1Seguimos construyendo el segundo piso de la #4T! Con mi amigo\u00a0@amlopezbeltran y #MORENA, vamos con todo en esta nueva etapa de afiliaci\u00f3n #SeguimosAvanzando\u201d.<\/p>\n\n\n\n<p>Lo anterior ha generado irritaci\u00f3n y rechazos entre los morenistas que provienen de la izquierda, quienes han reprochado que se cobije al hijo del ex mandatario Jos\u00e9 Murat, pues ha sido se\u00f1alado de presuntos actos de corrupci\u00f3n en Oaxaca y a su paso por la direcci\u00f3n general del Infonavit.<\/p>\n\n\n\n<p>Ayer por la tarde, el presidente del comit\u00e9 ejecutivo estatal de Morena, Emmanuel Navarro, pidi\u00f3 a la Comisi\u00f3n Nacional de Honor y Justicia negar la membres\u00eda del exmandatario, argumentando que no representa los principios del movimiento.<\/p>\n\n\n\n<p>\u201cPido a la comisi\u00f3n de honestidad y justicia de @PartidoMorenaMx que NO acrediten la membres\u00eda como integrante de MORENA a Alejandro Murat Hinojosa, por no representar ni contar con los postulados del movimiento de regeneraci\u00f3n. \u00a1Los militantes de Oaxaca merecen respeto!\u201d, difundi\u00f3.<\/p>\n\n\n\n<p>El presidente de la Junta de Coordinaci\u00f3n Pol\u00edtica del Congreso del Estado y coordinador de la bancada de Morena, Benjam\u00edn Viveros, tambi\u00e9n dio a conocer su posicionamiento y el de sus compa\u00f1eros:<\/p>\n\n\n\n<p>\u00abEl Grupo Parlamentario de #Morena del @CongresoOaxaca_, rechaza firmemente la afiliaci\u00f3n de Alejandro Murat, ya que sus acciones y principios no reflejan los valores y el compromiso con la transformaci\u00f3n social que nuestro movimiento defiende.&nbsp;<\/p>\n\n\n\n<p>\u201cEn Morena, trabajamos por un M\u00e9xico m\u00e1s justo, honesto y equitativo, y continuaremos esforz\u00e1ndonos para representar los intereses del pueblo\u201d, expuso, al acompa\u00f1ar su difusi\u00f3n con una fotograf\u00eda de Alejandro Murat acompa\u00f1ado de Enrique Pe\u00f1a Nieto y el entonces procurador General de la Rep\u00fablica, Jes\u00fas Murillo Karam.<\/p>\n\n\n\n<p>Tambi\u00e9n el gobernador de Oaxaca, Salom\u00f3n Jara Cruz, se pronunci\u00f3 en contra de la incorporaci\u00f3n de Murat Hinojosa a Morena, as\u00ed como la del exgobernador de Veracruz, Miguel \u00c1ngel Yunes.<\/p>\n\n\n\n<p>\u201cExpreso mi respaldo a la gobernadora de Veracruz @rocionahle, en su cuestionamiento a la afiliaci\u00f3n a @PartidoMorenaMx de Miguel \u00c1ngel Yunes M\u00e1rquez. Me sumo al llamado para que la Comisi\u00f3n de Honor y Justicia rechace la incorporaci\u00f3n de Yunes y de Alejandro Murat, quienes representan todo lo contrario a los principios y valores de nuestro movimiento\u201d, subi\u00f3 en sus redes sociales.<\/p>\n\n\n\n<p>Sin embargo, la presidenta nacional de Morena, Luisa Alcalde, s\u00f3lo se refiri\u00f3 a uno de lo casos:<\/p>\n\n\n\n<p>\u201cRespecto a la solicitud de registro a @PartidoMorenaMx realizada el d\u00eda de hoy por el senador @MYunesMarquez, informamos que, de acuerdo a nuestros estatutos, ser\u00e1 la @CNHJ_Morena quien eval\u00fae su procedencia y tome una determinaci\u00f3n\u201d.<\/p>\n","protected":false},"excerpt":{"rendered":"<p>Raymundo Morales\/Zona Roja. Oaxaca de Ju\u00e1rez, Oax., a 19 de febrero de 2025.- Este martes,&hellip;<\/p>\n","protected":false},"author":2,"featured_media":77657,"comment_status":"closed","ping_status":"open","sticky":false,"template":"","format":"standard","meta":{"_lmt_disableupdate":"","_lmt_disable":"","_jetpack_memberships_contains_paid_content":false,"footnotes":""},"categories":[109,46],"tags":[102],"class_list":["post-77656","post","type-post","status-publish","format-standard","has-post-thumbnail","hentry","category-minuto-a-minuto","category-zona-blanca","tag-alejandro-murat"],"jetpack_featured_media_url":"https:\/\/zonaroja.com.mx\/wp-content\/uploads\/2025\/02\/Alejandro-Murat-y-Luisa-Alcalde.jpeg","jetpack_sharing_enabled":true,"_links":{"self":[{"href":"https:\/\/zonaroja.com.mx\/index.php?rest_route=\/wp\/v2\/posts\/77656","targetHints":{"allow":["GET"]}}],"collection":[{"href":"https:\/\/zonaroja.com.mx\/index.php?rest_route=\/wp\/v2\/posts"}],"about":[{"href":"https:\/\/zonaroja.com.mx\/index.php?rest_route=\/wp\/v2\/types\/post"}],"author":[{"embeddable":true,"href":"https:\/\/zonaroja.com.mx\/index.php?rest_route=\/wp\/v2\/users\/2"}],"replies":[{"embeddable":true,"href":"https:\/\/zonaroja.com.mx\/index.php?rest_route=%2Fwp%2Fv2%2Fcomments&post=77656"}],"version-history":[{"count":1,"href":"https:\/\/zonaroja.com.mx\/index.php?rest_route=\/wp\/v2\/posts\/77656\/revisions"}],"predecessor-version":[{"id":77658,"href":"https:\/\/zonaroja.com.mx\/index.php?rest_route=\/wp\/v2\/posts\/77656\/revisions\/77658"}],"wp:featuredmedia":[{"embeddable":true,"href":"https:\/\/zonaroja.com.mx\/index.php?rest_route=\/wp\/v2\/media\/77657"}],"wp:attachment":[{"href":"https:\/\/zonaroja.com.mx\/index.php?rest_route=%2Fwp%2Fv2%2Fmedia&parent=77656"}],"wp:term":[{"taxonomy":"category","embeddable":true,"href":"https:\/\/zonaroja.com.mx\/index.php?rest_route=%2Fwp%2Fv2%2Fcategories&post=77656"},{"taxonomy":"post_tag","embeddable":true,"href":"https:\/\/zonaroja.com.mx\/index.php?rest_route=%2Fwp%2Fv2%2Ftags&post=77656"}],"curies":[{"name":"wp","href":"https:\/\/api.w.org\/{rel}","templated":true}]}}