{"id":77668,"date":"2025-02-19T12:30:00","date_gmt":"2025-02-19T18:30:00","guid":{"rendered":"https:\/\/zonaroja.com.mx\/?p=77668"},"modified":"2025-02-19T08:01:02","modified_gmt":"2025-02-19T14:01:02","slug":"establecen-lazos-oaxaca-y-uruguay-a-traves-de-la-seculta","status":"publish","type":"post","link":"https:\/\/zonaroja.com.mx\/?p=77668","title":{"rendered":"Establecen lazos Oaxaca y Uruguay a trav\u00e9s de la Seculta"},"content":{"rendered":"\n<p>Redacci\u00f3n\/Zona Roja.&nbsp;<\/p>\n\n\n\n<p>Oaxaca de Ju\u00e1rez, Oax., a 19 de febrero de 2025.- El titular de la Secretar\u00eda de las Culturas y Artes (Seculta), Flavio Sosa Villavicencio llev\u00f3 a cabo una reuni\u00f3n de trabajo para coordinar esfuerzos interinstitucionales con el embajador de Uruguay en M\u00e9xico, Santiago Wins Arnabal; en el marco de su visita por el estado.<\/p>\n\n\n\n<p>A trav\u00e9s de una mesa de trabajo liderada por la dependencia, se abordaron asuntos de cooperaci\u00f3n cultural entre Oaxaca y Uruguay, asimismo se ofreci\u00f3 un recorrido guiado al embajador junto a su equipo de trabajo por los museos de Arte Prehisp\u00e1nico de M\u00e9xico Rufino Tamayo, y de Arte Contempor\u00e1neo y de las Culturas de Oaxaque\u00f1as (MACCO), en donde apreciaron la riqueza cultural que atesora la entidad.<\/p>\n\n\n\n<p>Respecto al primer museo, el director de esta instituci\u00f3n, Israel Cadena explic\u00f3 la importancia del legado que la pareja Tamayo hered\u00f3 al pueblo oaxaque\u00f1o, as\u00ed como de las obras mesoamericanas que conforman la colecci\u00f3n de este recinto hist\u00f3rico.<br>Por su parte, el director del MACCO, Luis Hampshire habl\u00f3 sobre el origen del inmueble y los objetivos de la instituci\u00f3n. La excursi\u00f3n comenz\u00f3 por la exposici\u00f3n individual \u201cTakeda 90 A\u00f1os\u201d, en la que el director junto al titular de la Seculta, comentaron la influencia de la diversidad cultural del estado como un objeto de fascinaci\u00f3n del artista japon\u00e9s-mexicano.<\/p>\n\n\n\n<p>En este espacio, tambi\u00e9n recorrieron la sala en la que expone el artista Teo Hern\u00e1ndez, en donde se coment\u00f3 sobre la colectividad como una estrategia para la creaci\u00f3n del arte contempor\u00e1neo; en la exposici\u00f3n \u201cExodia\u201d del colectivo Yope Projects Space se abordaron las nuevas est\u00e9ticas del arte oaxaque\u00f1o; la propuesta del colectivo La garrapata de la Oveja fue referente de la producci\u00f3n art\u00edstica independiente.<\/p>\n\n\n\n<p>Por \u00faltimo, se habl\u00f3 de la importancia que tienen las esculturas del artista Dr. Lakra, para despu\u00e9s contemplar el Carnaval Putleco desde las puertas del museo. &nbsp;<\/p>\n","protected":false},"excerpt":{"rendered":"<p>Redacci\u00f3n\/Zona Roja.&nbsp; Oaxaca de Ju\u00e1rez, Oax., a 19 de febrero de 2025.- El titular de&hellip;<\/p>\n","protected":false},"author":2,"featured_media":77669,"comment_status":"closed","ping_status":"open","sticky":false,"template":"","format":"standard","meta":{"_lmt_disableupdate":"","_lmt_disable":"","_jetpack_memberships_contains_paid_content":false,"footnotes":""},"categories":[109,46],"tags":[],"class_list":["post-77668","post","type-post","status-publish","format-standard","has-post-thumbnail","hentry","category-minuto-a-minuto","category-zona-blanca"],"jetpack_featured_media_url":"https:\/\/zonaroja.com.mx\/wp-content\/uploads\/2025\/02\/Establecen-lazos-Oaxaca-y-Uruguay-a-traves-de-la-Seculta-2.jpeg","jetpack_sharing_enabled":true,"_links":{"self":[{"href":"https:\/\/zonaroja.com.mx\/index.php?rest_route=\/wp\/v2\/posts\/77668","targetHints":{"allow":["GET"]}}],"collection":[{"href":"https:\/\/zonaroja.com.mx\/index.php?rest_route=\/wp\/v2\/posts"}],"about":[{"href":"https:\/\/zonaroja.com.mx\/index.php?rest_route=\/wp\/v2\/types\/post"}],"author":[{"embeddable":true,"href":"https:\/\/zonaroja.com.mx\/index.php?rest_route=\/wp\/v2\/users\/2"}],"replies":[{"embeddable":true,"href":"https:\/\/zonaroja.com.mx\/index.php?rest_route=%2Fwp%2Fv2%2Fcomments&post=77668"}],"version-history":[{"count":1,"href":"https:\/\/zonaroja.com.mx\/index.php?rest_route=\/wp\/v2\/posts\/77668\/revisions"}],"predecessor-version":[{"id":77670,"href":"https:\/\/zonaroja.com.mx\/index.php?rest_route=\/wp\/v2\/posts\/77668\/revisions\/77670"}],"wp:featuredmedia":[{"embeddable":true,"href":"https:\/\/zonaroja.com.mx\/index.php?rest_route=\/wp\/v2\/media\/77669"}],"wp:attachment":[{"href":"https:\/\/zonaroja.com.mx\/index.php?rest_route=%2Fwp%2Fv2%2Fmedia&parent=77668"}],"wp:term":[{"taxonomy":"category","embeddable":true,"href":"https:\/\/zonaroja.com.mx\/index.php?rest_route=%2Fwp%2Fv2%2Fcategories&post=77668"},{"taxonomy":"post_tag","embeddable":true,"href":"https:\/\/zonaroja.com.mx\/index.php?rest_route=%2Fwp%2Fv2%2Ftags&post=77668"}],"curies":[{"name":"wp","href":"https:\/\/api.w.org\/{rel}","templated":true}]}}