{"id":7767,"date":"2020-01-17T12:02:55","date_gmt":"2020-01-17T18:02:55","guid":{"rendered":"https:\/\/www.zonaroja.com.mx\/?p=7767"},"modified":"2020-01-17T12:02:57","modified_gmt":"2020-01-17T18:02:57","slug":"denuncia-familia-de-vera-carrizal-acoso-y-persecucion-social-en-su-contra","status":"publish","type":"post","link":"https:\/\/zonaroja.com.mx\/?p=7767","title":{"rendered":"Denuncia familia de Vera Carrizal acoso y persecuci\u00f3n social en su contra"},"content":{"rendered":"\n<p>Redacci\u00f3n\/Zona Roja.<\/p>\n\n\n\n<p>Oaxaca de Ju\u00e1rez, Oax., 17 de enero de 2020.-&nbsp;A trav\u00e9s de una carta abierta con fecha este viernes 17 de enero, Soledad Hern\u00e1ndez Garc\u00eda, esposa del empresario y ex diputado local Juan Antonio Vera Carrizal, deslind\u00f3 a su familia del ataque en contra de la joven saxofonista Mar\u00eda Elena R\u00edos Ortiz, en el cual asegur\u00f3 ni ella ni sus hijos tuvieron participaci\u00f3n alguna.<\/p>\n\n\n\n<p>Lo anterior luego de amenazas, tentativas de secuestro y linchamiento medi\u00e1tico infundado en contra de su familia, las cuales reprob\u00f3 y explic\u00f3 han estado viviendo en los \u00faltimos meses luego de que se viralizara la agresi\u00f3n de la joven, en la que aclar\u00f3 su esposo ha negado p\u00fablicamente la participaci\u00f3n en la misma.<\/p>\n\n\n\n<p>Soledad Hern\u00e1ndez indic\u00f3 que su esposo est\u00e1 siendo involucrado por razones pol\u00edtica y de otro tipo de inter\u00e9s, incluso se ha comprobado una competencia desleal de quienes en tiempos reciente se dec\u00edan sus amigos o socios, y que ahora aprovech\u00e1ndose de las circunstancias est\u00e1n obteniendo grandes beneficios econ\u00f3micos, financiando a terceras personas para perjudicarlo.&nbsp;<\/p>\n\n\n\n<p>Al respecto, manifest\u00f3 que actualmente se sabe que el ataque de Mar\u00eda Elena pudo haber sido cometido por la esposa de un empresario, por agravios de pareja, por lo que pidi\u00f3 que se investigue a todas las personas que son sospechosas de los hechos de acuerdo con lo expuesto por la hermana de la saxofonista quien textualmente ha dicho que sospecha de muchas personas y no centrarse en una sola debido al linchamiento medi\u00e1tico que existe en su contra.<\/p>\n\n\n\n<p>Y es que para Hern\u00e1ndez Garc\u00eda los medios de comunicaci\u00f3n a pesar de no contar con los datos exactos de los hechos \u2013por tratarse de informaci\u00f3n reservada- se han empe\u00f1ado en realizar se\u00f1alamientos en contra&nbsp;&nbsp;de su esposo, los cuales marcaron y perjudicaron su fuente de trabajo y la de familias que emplean desde hace muchos a\u00f1os e incluso han contribuido el en el sentimiento de odio que actualmente se expresa en contra de su familia.<\/p>\n\n\n\n<p>\u201cIncluso se hizo una convocatoria p\u00fablica en redes sociales para tomar venganza, incit\u00e1ndose abiertamente a la lanzar \u00e1cido o da\u00f1ar de cualquier manera a los integrantes de mi familia , no obstante que no conocemos a la ofendida ni a las dem\u00e1s partes involucradas\u201d, manifest\u00f3 en el documento.&nbsp;&nbsp;<\/p>\n\n\n\n<p>En este sentido indic\u00f3 que su familia ha notado que diversas personas, al parecer polic\u00edas, vigilan sus domicilios y les siguen a todas partes, se estacionan por tiempos prolongados en sus centros de trabajo, e incluso ocupantes de camionetas sospechas pretendieron secuestrar a una de sus hijas.<\/p>\n\n\n\n<p>Por lo anterior, pidi\u00f3 un alto al acoso y linchamiento medi\u00e1tico hacia su familia, a la par que indic\u00f3 sus hijos y ella est\u00e1n abiertos al di\u00e1logo ante cualquier persona y autoridad para hacer todas las aclaraciones necesarias, con las reservas de ley, as\u00ed como reparar el da\u00f1o que por acci\u00f3n o omisi\u00f3n de manera involuntaria se haya consumado en contra de alguna persona.&nbsp;<\/p>\n\n\n\n<p>\u201cPedimos y exigimos por este medio, que ya se deje de causar todo acto de intimidaci\u00f3n o molestia a nuestras personas y familia, pues tambi\u00e9n estamos en disposici\u00f3n de ejercitar las acciones legales correspondientes, hasta que nuestros derechos se respeten\u201d, concluy\u00f3.<\/p>\n\n\n\n<p>Cabe se\u00f1alar que en los \u00faltimos d\u00edas a trav\u00e9s de las redes sociales se empez\u00f3 a vincular al hijo del empresario y ex diputado en el caso, asegurando incluso que contaba con orden de aprehensi\u00f3n y se encontrada pr\u00f3fugo, lo cual no ha sido confirmado por las autoridades.<br class=\"Apple-interchange-newline\" \/><\/p>\n","protected":false},"excerpt":{"rendered":"<p>Redacci\u00f3n\/Zona Roja. Oaxaca de Ju\u00e1rez, Oax., 17 de enero de 2020.-&nbsp;A trav\u00e9s de una carta&hellip;<\/p>\n","protected":false},"author":2,"featured_media":7766,"comment_status":"closed","ping_status":"open","sticky":false,"template":"","format":"standard","meta":{"_lmt_disableupdate":"","_lmt_disable":"","_jetpack_memberships_contains_paid_content":false,"footnotes":""},"categories":[109,47],"tags":[1289],"class_list":["post-7767","post","type-post","status-publish","format-standard","has-post-thumbnail","hentry","category-minuto-a-minuto","category-zona-gris","tag-juan-an-tonio-vera-carrizal"],"jetpack_featured_media_url":"https:\/\/zonaroja.com.mx\/wp-content\/uploads\/2020\/01\/img_9400.jpg","jetpack_sharing_enabled":true,"_links":{"self":[{"href":"https:\/\/zonaroja.com.mx\/index.php?rest_route=\/wp\/v2\/posts\/7767","targetHints":{"allow":["GET"]}}],"collection":[{"href":"https:\/\/zonaroja.com.mx\/index.php?rest_route=\/wp\/v2\/posts"}],"about":[{"href":"https:\/\/zonaroja.com.mx\/index.php?rest_route=\/wp\/v2\/types\/post"}],"author":[{"embeddable":true,"href":"https:\/\/zonaroja.com.mx\/index.php?rest_route=\/wp\/v2\/users\/2"}],"replies":[{"embeddable":true,"href":"https:\/\/zonaroja.com.mx\/index.php?rest_route=%2Fwp%2Fv2%2Fcomments&post=7767"}],"version-history":[{"count":1,"href":"https:\/\/zonaroja.com.mx\/index.php?rest_route=\/wp\/v2\/posts\/7767\/revisions"}],"predecessor-version":[{"id":7768,"href":"https:\/\/zonaroja.com.mx\/index.php?rest_route=\/wp\/v2\/posts\/7767\/revisions\/7768"}],"wp:featuredmedia":[{"embeddable":true,"href":"https:\/\/zonaroja.com.mx\/index.php?rest_route=\/wp\/v2\/media\/7766"}],"wp:attachment":[{"href":"https:\/\/zonaroja.com.mx\/index.php?rest_route=%2Fwp%2Fv2%2Fmedia&parent=7767"}],"wp:term":[{"taxonomy":"category","embeddable":true,"href":"https:\/\/zonaroja.com.mx\/index.php?rest_route=%2Fwp%2Fv2%2Fcategories&post=7767"},{"taxonomy":"post_tag","embeddable":true,"href":"https:\/\/zonaroja.com.mx\/index.php?rest_route=%2Fwp%2Fv2%2Ftags&post=7767"}],"curies":[{"name":"wp","href":"https:\/\/api.w.org\/{rel}","templated":true}]}}