{"id":77671,"date":"2025-02-19T13:01:00","date_gmt":"2025-02-19T19:01:00","guid":{"rendered":"https:\/\/zonaroja.com.mx\/?p=77671"},"modified":"2025-02-19T08:02:26","modified_gmt":"2025-02-19T14:02:26","slug":"opinion-necesita-oaxaca-una-nueva-constitucion","status":"publish","type":"post","link":"https:\/\/zonaroja.com.mx\/?p=77671","title":{"rendered":"Opini\u00f3n. \u00bfNecesita Oaxaca una nueva constituci\u00f3n?"},"content":{"rendered":"\n<p>N\u00e9stor Y. S\u00e1nchez Islas<\/p>\n\n\n\n<p>El gobernador del estado y otros funcionarios y legisladores han declarado que Oaxaca tendr\u00e1 una \u201cnueva constituci\u00f3n representativa\u201d. Los boletines oficiales la describen&nbsp;\u201ccomo intercultural y el reflejo de la riqueza \u00e9tnica de M\u00e9xico\u201d. Con el pretexto de los 200 a\u00f1os de la primera de las tres constituciones que Oaxaca ha tenido, el gobernador cre\u00f3 una comisi\u00f3n estatal para la conmemoraci\u00f3n con el \u201cobjetivo de aportar al pa\u00eds un elemento constitucional sobresaliente para continuar con el segundo piso de la transformaci\u00f3n\u201d.<\/p>\n\n\n\n<p>Hemos tenido tres constituciones. La de 1825, la de 1857 y la de 1922.Cada una de ellas&nbsp;justificada&nbsp;enhechos hist\u00f3ricos que transformaron al pa\u00eds y cambiaron su rumbo. Pretender que la mal llamada cuarta transformaci\u00f3n est\u00e9&nbsp;a la misma altura&nbsp;de aquellos sucesos&nbsp;es solo parte del discurso de los fan\u00e1ticos seguidores del expresidente.<\/p>\n\n\n\n<p>Para crear una nueva constituci\u00f3n necesitamos la integraci\u00f3n, primero, de un congreso convocante y, despu\u00e9s, de uno constituyente. Hasta el momento no ha habido convocatorias para ninguno de los dos, por tanto, lo m\u00e1s probable es que, aprovechando el control que tiene el partido en el poder&nbsp;sobre&nbsp;el Congreso local, la modifiquen y nos vendan la idea de que ellos representan la gloria y transformaci\u00f3n del pa\u00eds en tiempos modernos.<\/p>\n\n\n\n<p>Hablemos en esta ocasi\u00f3n de la Constituci\u00f3n de 1825 y conozcamos un poco de su contexto hist\u00f3rico para que nos demos cuenta de la diferencia abismal entre aquellas circunstancias y las actuales.<\/p>\n\n\n\n<p>Oaxaca y nuestro pa\u00eds se encontraban inmersos en una transici\u00f3n global con el paso de la alta a la baja modernidad, el crecimiento de un capitalismo industrial salvaje y la consolidaci\u00f3n de los Estados-naci\u00f3n bajo principios liberales. Aunque hab\u00eda poca y lenta comunicaci\u00f3n, las noticias del mundo llegaban a nuestra tierra y fueron semilla de profundos cambios.<\/p>\n\n\n\n<p>El imperio espa\u00f1ol se encontraba en crisis y la metr\u00f3poli invadida por las tropas de Napole\u00f3n que hab\u00edan depuesto al rey Fernando VII. Las reformas borb\u00f3nicas, la rearticulaci\u00f3n institucional y la Constituci\u00f3n gaditana hab\u00edan tra\u00eddo ideas novedosas ante el pasmo de un pasado colonial que ya era insoportable.<\/p>\n\n\n\n<p>Aquellos legisladores oaxaque\u00f1os, la mayor\u00eda de origen peninsular o criollo y con dinero para comprar libros, viajar y nutrirse de las ideas m\u00e1s novedosas,&nbsp;trataron de encontrar un equilibrio entre el constitucionalismo liberal y las enraizadas costumbres y tradiciones oaxaque\u00f1as&nbsp;tratando de alcanzar cierto grado de gobernabilidad para no llegar a una ruptura dr\u00e1stica dada la diversidad de territorios y culturas de los pueblos oaxaque\u00f1os y la lucha entre centralistas y federalistas.<\/p>\n\n\n\n<p>Dada&nbsp;su&nbsp;mentalidad y sus intereses particulares, aquellos legisladores impusieron a la religi\u00f3n cat\u00f3lica como la oficial y mantuvieron los privilegios para la iglesia y el ej\u00e9rcito,&nbsp;usaron&nbsp;un lenguaje dogm\u00e1tico ajeno a la gente, en su inmensa mayor\u00eda analfabeta, y se dejaron influir abiertamente&nbsp;por las ideas provenientes&nbsp;de los Estados Unidos y lo que&nbsp;pod\u00edan retomar de la constituci\u00f3n gaditana.&nbsp;Eso s\u00ed, se encargaron de mantener el control sobre las elecciones&nbsp;para mantener el poder&nbsp;imponiendo un sistema electoral excluyente al que solo los alfabetizado pod\u00edan acceder.&nbsp;El poder en manos de los criollos hizo que, en Oaxaca y en todo M\u00e9xico, se mantuvieran muchas de las a\u00f1ejas estructuras virreinales. Esta situaci\u00f3n lleg\u00f3 al l\u00edmite con la aplicaci\u00f3n de las Leyes de Reforma para separar a la iglesia del Estado y su consecuente guerra civil.<\/p>\n\n\n\n<p>Aquella constituci\u00f3n justific\u00f3 el nuevo orden surgido de la Guerra de Independencia, no surgi\u00f3 de manera arbitraria como hoy se entiende&nbsp;y se quiere hacer&nbsp;creera partir del discurso&nbsp;y manipulaci\u00f3n&nbsp;oficial. Hubo una evoluci\u00f3n natural a partir de hechos hist\u00f3ricos y procesos pol\u00edticos y, aquellos legisladores, creyeron que con su obra modernizar\u00edan a nuestra entidad que,&nbsp;en ese entonces, ten\u00eda mayor peso pol\u00edtico y econ\u00f3mico que hoy d\u00eda.<\/p>\n\n\n\n<p>\u00bfCu\u00e1les son los hechos hist\u00f3rico que hoy justifican una nueva constituci\u00f3n? Quienes hoy gobiernan vienen de los vergonzosos hechos de 2006 que no fue una revuelta social sino una asonada sindical a la que la APPO y sus l\u00edderes, en un papel que solo puede ser calificado de mercenario, se vendieron para darle un&nbsp;disfraz&nbsp;de lucha social.&nbsp;Hace 20 a\u00f1os la lucha era contra Ulises Ru\u00edz; hoy es contra ellos.<\/p>\n\n\n\n<p>La vergonzosa realidad que hoy vive Oaxaca&nbsp;con&nbsp;la ineptitud, el nepotismo, la corrupci\u00f3n&nbsp;o&nbsp;las alianzas con el crimen organizado&nbsp;no justifican&nbsp;una constituci\u00f3n a modo&nbsp;de un gobierno&nbsp;que a\u00f1ora un rancio pasado populista.&nbsp;Tampoco&nbsp;apoyarse&nbsp;en&nbsp;la supuesta grandeza del expresidente&nbsp;es un respaldo ni moral.&nbsp;Ahora,&nbsp;sin&nbsp;la tribuna ma\u00f1anera&nbsp;de la manipulaci\u00f3n,&nbsp;sale&nbsp;a la luz el desastre y el holocausto&nbsp;al que&nbsp;la 4T&nbsp;nos entreg\u00f3&nbsp;al dejarnos en manos del crimen organizado.<\/p>\n\n\n\n<p>nestoryuri@yahoo.com<\/p>\n","protected":false},"excerpt":{"rendered":"<p>N\u00e9stor Y. S\u00e1nchez Islas El gobernador del estado y otros funcionarios y legisladores han declarado&hellip;<\/p>\n","protected":false},"author":2,"featured_media":67897,"comment_status":"closed","ping_status":"open","sticky":false,"template":"","format":"standard","meta":{"_lmt_disableupdate":"","_lmt_disable":"","_jetpack_memberships_contains_paid_content":false,"footnotes":""},"categories":[456,109],"tags":[3050],"class_list":["post-77671","post","type-post","status-publish","format-standard","has-post-thumbnail","hentry","category-columna","category-minuto-a-minuto","tag-nestor-yuri-sanchez"],"jetpack_featured_media_url":"https:\/\/zonaroja.com.mx\/wp-content\/uploads\/2024\/05\/Opinion-Nestor-Yuri-Sanchez.jpeg","jetpack_sharing_enabled":true,"_links":{"self":[{"href":"https:\/\/zonaroja.com.mx\/index.php?rest_route=\/wp\/v2\/posts\/77671","targetHints":{"allow":["GET"]}}],"collection":[{"href":"https:\/\/zonaroja.com.mx\/index.php?rest_route=\/wp\/v2\/posts"}],"about":[{"href":"https:\/\/zonaroja.com.mx\/index.php?rest_route=\/wp\/v2\/types\/post"}],"author":[{"embeddable":true,"href":"https:\/\/zonaroja.com.mx\/index.php?rest_route=\/wp\/v2\/users\/2"}],"replies":[{"embeddable":true,"href":"https:\/\/zonaroja.com.mx\/index.php?rest_route=%2Fwp%2Fv2%2Fcomments&post=77671"}],"version-history":[{"count":1,"href":"https:\/\/zonaroja.com.mx\/index.php?rest_route=\/wp\/v2\/posts\/77671\/revisions"}],"predecessor-version":[{"id":77672,"href":"https:\/\/zonaroja.com.mx\/index.php?rest_route=\/wp\/v2\/posts\/77671\/revisions\/77672"}],"wp:featuredmedia":[{"embeddable":true,"href":"https:\/\/zonaroja.com.mx\/index.php?rest_route=\/wp\/v2\/media\/67897"}],"wp:attachment":[{"href":"https:\/\/zonaroja.com.mx\/index.php?rest_route=%2Fwp%2Fv2%2Fmedia&parent=77671"}],"wp:term":[{"taxonomy":"category","embeddable":true,"href":"https:\/\/zonaroja.com.mx\/index.php?rest_route=%2Fwp%2Fv2%2Fcategories&post=77671"},{"taxonomy":"post_tag","embeddable":true,"href":"https:\/\/zonaroja.com.mx\/index.php?rest_route=%2Fwp%2Fv2%2Ftags&post=77671"}],"curies":[{"name":"wp","href":"https:\/\/api.w.org\/{rel}","templated":true}]}}