{"id":77673,"date":"2025-02-19T17:32:36","date_gmt":"2025-02-19T23:32:36","guid":{"rendered":"https:\/\/zonaroja.com.mx\/?p=77673"},"modified":"2025-02-19T17:32:38","modified_gmt":"2025-02-19T23:32:38","slug":"a-semana-y-media-de-violencia-por-fin-llega-seguridad-publica-a-platanillo","status":"publish","type":"post","link":"https:\/\/zonaroja.com.mx\/?p=77673","title":{"rendered":"A semana y media de violencia, por fin llega seguridad p\u00fablica a Platanillo"},"content":{"rendered":"\n<p>Raymundo Morales\/Zona Roja.<\/p>\n\n\n\n<p>Oaxaca de Ju\u00e1rez, Oax., a 19 de febrero de 2025.- Luego de una semana y media de que se recrudecieron los hechos de violencia, la seguridad p\u00fablica y los v\u00edveres llegaron hoy a San Isidro Platanillo, municipio de Santo Domingo Petapan.<\/p>\n\n\n\n<p>Asimismo, autoridades del gobierno de Oaxaca enviaron v\u00edveres, as\u00ed como medicinas, debido a que ya comenzaban a escasear, ante el asedio que vive dicha comunidad de la regi\u00f3n del Istmo.<\/p>\n\n\n\n<p>En un comunicado de prensa, el gobierno de Oaxaca dio a conocer que se logr\u00f3 la libre circulaci\u00f3n en el pol\u00edgono de la comunidad de San Isidro Platanillo, con lo que abona a destensar el conflicto en la zona y se garantiza la seguridad de la poblaci\u00f3n de esta regi\u00f3n.<\/p>\n\n\n\n<p>Reconoci\u00f3 la voluntad pol\u00edtica de las autoridades municipales y de quienes se encuentran involucrados, para canalizar las demandas a trav\u00e9s de la conciliaci\u00f3n y el acuerdo ante las instancias correspondientes y con ello destensar cualquier diferencia.<\/p>\n\n\n\n<p>En coordinaci\u00f3n con el Gobierno Federal estableci\u00f3 un operativo con las fuerzas de seguridad para hacer presencia en la zona de conflicto, al mismo tiempo que se retom\u00f3 el di\u00e1logo con las partes involucradas.<\/p>\n\n\n\n<p>La Polic\u00eda Estatal, que dependen de la Secretar\u00eda de Seguridad y Protecci\u00f3n Ciudadana (SSPC), acompa\u00f1a a representantes de la Coordinaci\u00f3n para la Atenci\u00f3n de los Derechos Humanos (CADH) y Delegaciones de Paz de la Secretar\u00eda de Gobierno, quienes asistir\u00e1n a una asamblea comunitaria este mi\u00e9rcoles 19 de febrero en Santo Domingo Petapa, para entablar una mesa de di\u00e1logo.<\/p>\n\n\n\n<p>Adem\u00e1s, se brindar\u00e1n v\u00edveres e insumos a habitantes de San Isidro Platanillo y otras comunidades de Santo Domingo Petapa para su atenci\u00f3n.<\/p>\n\n\n\n<p>\u201cLa presencia de los cuerpos de seguridad no significa la militarizaci\u00f3n de las comunidades sino es una estrategia de seguridad que brinda el Estado para la poblaci\u00f3n oaxaque\u00f1a\u201d, destac\u00f3 la autoridad en su comunicado.<\/p>\n\n\n\n<p>Detall\u00f3 que se mantiene una coordinaci\u00f3n con la Fiscal\u00eda General del Estado de Oaxaca (FGEO) para continuar con las investigaciones y que el homicidio de tres personas no quede impune, a partir de una revisi\u00f3n a todas las probables causas, para su esclarecimiento.<\/p>\n","protected":false},"excerpt":{"rendered":"<p>Raymundo Morales\/Zona Roja. Oaxaca de Ju\u00e1rez, Oax., a 19 de febrero de 2025.- Luego de&hellip;<\/p>\n","protected":false},"author":2,"featured_media":77674,"comment_status":"closed","ping_status":"open","sticky":false,"template":"","format":"standard","meta":{"_lmt_disableupdate":"","_lmt_disable":"","_jetpack_memberships_contains_paid_content":false,"footnotes":""},"categories":[47],"tags":[4220],"class_list":["post-77673","post","type-post","status-publish","format-standard","has-post-thumbnail","hentry","category-zona-gris","tag-san-isidro-platanillo"],"jetpack_featured_media_url":"https:\/\/zonaroja.com.mx\/wp-content\/uploads\/2025\/02\/San-Isidro-Platanillo-1.jpeg","jetpack_sharing_enabled":true,"_links":{"self":[{"href":"https:\/\/zonaroja.com.mx\/index.php?rest_route=\/wp\/v2\/posts\/77673","targetHints":{"allow":["GET"]}}],"collection":[{"href":"https:\/\/zonaroja.com.mx\/index.php?rest_route=\/wp\/v2\/posts"}],"about":[{"href":"https:\/\/zonaroja.com.mx\/index.php?rest_route=\/wp\/v2\/types\/post"}],"author":[{"embeddable":true,"href":"https:\/\/zonaroja.com.mx\/index.php?rest_route=\/wp\/v2\/users\/2"}],"replies":[{"embeddable":true,"href":"https:\/\/zonaroja.com.mx\/index.php?rest_route=%2Fwp%2Fv2%2Fcomments&post=77673"}],"version-history":[{"count":1,"href":"https:\/\/zonaroja.com.mx\/index.php?rest_route=\/wp\/v2\/posts\/77673\/revisions"}],"predecessor-version":[{"id":77675,"href":"https:\/\/zonaroja.com.mx\/index.php?rest_route=\/wp\/v2\/posts\/77673\/revisions\/77675"}],"wp:featuredmedia":[{"embeddable":true,"href":"https:\/\/zonaroja.com.mx\/index.php?rest_route=\/wp\/v2\/media\/77674"}],"wp:attachment":[{"href":"https:\/\/zonaroja.com.mx\/index.php?rest_route=%2Fwp%2Fv2%2Fmedia&parent=77673"}],"wp:term":[{"taxonomy":"category","embeddable":true,"href":"https:\/\/zonaroja.com.mx\/index.php?rest_route=%2Fwp%2Fv2%2Fcategories&post=77673"},{"taxonomy":"post_tag","embeddable":true,"href":"https:\/\/zonaroja.com.mx\/index.php?rest_route=%2Fwp%2Fv2%2Ftags&post=77673"}],"curies":[{"name":"wp","href":"https:\/\/api.w.org\/{rel}","templated":true}]}}