{"id":77676,"date":"2025-02-19T18:20:57","date_gmt":"2025-02-20T00:20:57","guid":{"rendered":"https:\/\/zonaroja.com.mx\/?p=77676"},"modified":"2025-02-19T18:20:59","modified_gmt":"2025-02-20T00:20:59","slug":"opinion-gobiernos-locales-el-descontrol-del-poder","status":"publish","type":"post","link":"https:\/\/zonaroja.com.mx\/?p=77676","title":{"rendered":"Opini\u00f3n. Gobiernos locales: el (des)control del poder"},"content":{"rendered":"\n<p>Adri\u00e1n Ortiz Romero Cuevas*<\/p>\n\n\n\n<p>Hace poco m\u00e1s de doce a\u00f1os, cuando el PRI recuper\u00f3 la titularidad del Poder Ejecutivo federal, el entonces presidente Enrique Pe\u00f1a Nieto afirmaba que, junto con \u00e9l, hab\u00eda toda una nueva generaci\u00f3n de \u201cj\u00f3venes priistas\u201d que marcar\u00edan un cambio en la historia del pa\u00eds.<\/p>\n\n\n\n<p>Al t\u00e9rmino de su sexenio, los gobernantes de seis entidades federativas \u2014cinco de ellos emanados del PRI, y uno del PAN\u2014 hab\u00edan sido ya procesados judicialmente y se encontraban en prisi\u00f3n.&nbsp;<\/p>\n\n\n\n<p>Eso, que se dijo que era algo as\u00ed como una \u201cgeneraci\u00f3n perdida\u201d, ahora parece estarse replicando en los tiempos de Morena. Debe quedar claro que no son los partidos, sino las personas \u2014y quiz\u00e1 el propio r\u00e9gimen constitucional de las entidades federativas\u2014, lo que sigue generando este descontrol del poder independientemente del cambio en el partido gobernante.<\/p>\n\n\n\n<p>En efecto, hoy que estamos frente a la segunda administraci\u00f3n federal emanada de Morena, existen ya en los haberes los cuestionados desempe\u00f1os de gobernadores como Cuitl\u00e1huac Garc\u00eda en Veracruz; Cuauht\u00e9moc Blanco en Morelos; o m\u00e1s recientemente el cuestionad\u00edsimo gobernador de Sinaloa Rub\u00e9n Rocha Moya.&nbsp;<\/p>\n\n\n\n<p>Todos ellos por sus problemas en la gesti\u00f3n de sus administraciones; la opacidad en el manejo de los recursos y, acaso, tambi\u00e9n sus peligrosas relaciones con la delincuencia organizada y otros factores criminales que hoy tienen asoladas a diversas regiones del pa\u00eds.<\/p>\n\n\n\n<p>En su tiempo, algo muy similar fue lo que pas\u00f3 con los priistas Javier Duarte de Ochoa, tambi\u00e9n en Veracruz, Roberto Borge Angulo de Quintana Roo; C\u00e9sar Duarte de Chihuahua; Andr\u00e9s Granier de Tabasco; Jes\u00fas Reyna Garc\u00eda de Michoac\u00e1n. Y el panista Guillermo Padr\u00e9s de Sonora. \u00bfEl com\u00fan denominador? Todos procesados o por v\u00ednculos con criminales, desv\u00edo de recursos, ejercicio il\u00edcito de la funci\u00f3n p\u00fablica y dem\u00e1s delitos relacionados con las arcas que y las responsabilidades que los electores les confirieron a trav\u00e9s de las urnas.&nbsp;<\/p>\n\n\n\n<p>Los seis, terminaron en prisi\u00f3n la administraci\u00f3n federal del presidente Pe\u00f1a Nieto, y algunos de ellos a\u00fan contin\u00faan recluidos en alg\u00fan centro penitenciario.<\/p>\n\n\n\n<p>Hoy, doce a\u00f1os despu\u00e9s de la revelaci\u00f3n de aquella funesta \u201cnueva generaci\u00f3n\u201d de pol\u00edticos, parece seguir los mismos pasos que ellos, s\u00f3lo que a\u00fan soportados por la convicci\u00f3n morenista de no aceptar que los postulados dictados por el presidente Andr\u00e9s Manuel L\u00f3pez Obrador \u2014no mentir, no robar, no traicionar al pueblo\u2014 no son infalibles entre algunos de sus correligionarios que llegaron al poder gracias a la aceptaci\u00f3n popular del ahora ex mandatario federal.<\/p>\n\n\n\n<p>\u00bfLa culpa es del presidente L\u00f3pez Obrador, de sus postulados, e incluso del ejemplo con el que siempre pretendi\u00f3 predicar? Parece que no. El problema, como siempre, son las personas: no todos \u2014ni antes ni ahora\u2014 tienen el mismo nivel de convicci\u00f3n que el de sus l\u00edderes pol\u00edticos; no todos son ajenos a las tentaciones del poder; y no todos ellos llegaron a sus cargos aparentando coincidir con los postulados del movimiento pol\u00edtico que los impuls\u00f3, pero escondiendo bajo el saco algunos de los intereses aviesos que tambi\u00e9n los impulsaron a llegar hasta esos niveles del poder p\u00fablico.<\/p>\n\n\n\n<p>Hasta ahora, la resistencia a perseguir y castigar esas actuaciones indebidas parece estar m\u00e1s fundada en no permitir que el reconocimiento de alg\u00fan esc\u00e1ndalo o de alg\u00fan acto de corrupci\u00f3n abolle al movimiento, que el hecho mismo de hacer cumplir la ley, sea quien sea el autor del acto il\u00edcito.<\/p>\n\n\n\n<p>Quiz\u00e1 sea el momento tambi\u00e9n de revisar a fondo el r\u00e9gimen constitucional de las entidades federativas. Es uno de los pocos elementos de la estructura estadual que no ha cambiado, a pesar de todos los cambios y transformaciones que ha sufrido el pa\u00eds en los \u00faltimos cinco lustros. Quiz\u00e1 podr\u00eda ser un acto justo m\u00ednimo de contrici\u00f3n, frente a la recurrencia de los abusos por parte de las entidades federativas.<\/p>\n\n\n\n<p>*Abogado y periodista.<\/p>\n\n\n\n<p>@ortizromeroc<\/p>\n\n\n\n<p>@columnaalmargen<\/p>\n\n\n\n<p><blockquote class=\"wp-embedded-content\" data-secret=\"ac7QAwUWqJ\"><a href=\"https:\/\/columnaalmargen.mx\/\">P\u00e1gina de Inicio<\/a><\/blockquote><iframe class=\"wp-embedded-content\" sandbox=\"allow-scripts\" security=\"restricted\" style=\"position: absolute; clip: rect(1px, 1px, 1px, 1px);\" title=\"&#8220;P\u00e1gina de Inicio&#8221; &#8212; Columna Al Margen\" src=\"https:\/\/columnaalmargen.mx\/embed\/#?secret=5UjNLW1zVR#?secret=ac7QAwUWqJ\" data-secret=\"ac7QAwUWqJ\" width=\"600\" height=\"338\" frameborder=\"0\" marginwidth=\"0\" marginheight=\"0\" scrolling=\"no\"><\/iframe><\/p>\n","protected":false},"excerpt":{"rendered":"<p>Adri\u00e1n Ortiz Romero Cuevas* Hace poco m\u00e1s de doce a\u00f1os, cuando el PRI recuper\u00f3 la&hellip;<\/p>\n","protected":false},"author":2,"featured_media":67896,"comment_status":"closed","ping_status":"open","sticky":false,"template":"","format":"standard","meta":{"_lmt_disableupdate":"","_lmt_disable":"","_jetpack_memberships_contains_paid_content":false,"footnotes":""},"categories":[456,109],"tags":[2994],"class_list":["post-77676","post","type-post","status-publish","format-standard","has-post-thumbnail","hentry","category-columna","category-minuto-a-minuto","tag-adrian-ortiz-romero-cuevas"],"jetpack_featured_media_url":"https:\/\/zonaroja.com.mx\/wp-content\/uploads\/2024\/05\/Opinion-Adrian-Ortiz-Romero-Zona-Roja.jpeg","jetpack_sharing_enabled":true,"_links":{"self":[{"href":"https:\/\/zonaroja.com.mx\/index.php?rest_route=\/wp\/v2\/posts\/77676","targetHints":{"allow":["GET"]}}],"collection":[{"href":"https:\/\/zonaroja.com.mx\/index.php?rest_route=\/wp\/v2\/posts"}],"about":[{"href":"https:\/\/zonaroja.com.mx\/index.php?rest_route=\/wp\/v2\/types\/post"}],"author":[{"embeddable":true,"href":"https:\/\/zonaroja.com.mx\/index.php?rest_route=\/wp\/v2\/users\/2"}],"replies":[{"embeddable":true,"href":"https:\/\/zonaroja.com.mx\/index.php?rest_route=%2Fwp%2Fv2%2Fcomments&post=77676"}],"version-history":[{"count":1,"href":"https:\/\/zonaroja.com.mx\/index.php?rest_route=\/wp\/v2\/posts\/77676\/revisions"}],"predecessor-version":[{"id":77677,"href":"https:\/\/zonaroja.com.mx\/index.php?rest_route=\/wp\/v2\/posts\/77676\/revisions\/77677"}],"wp:featuredmedia":[{"embeddable":true,"href":"https:\/\/zonaroja.com.mx\/index.php?rest_route=\/wp\/v2\/media\/67896"}],"wp:attachment":[{"href":"https:\/\/zonaroja.com.mx\/index.php?rest_route=%2Fwp%2Fv2%2Fmedia&parent=77676"}],"wp:term":[{"taxonomy":"category","embeddable":true,"href":"https:\/\/zonaroja.com.mx\/index.php?rest_route=%2Fwp%2Fv2%2Fcategories&post=77676"},{"taxonomy":"post_tag","embeddable":true,"href":"https:\/\/zonaroja.com.mx\/index.php?rest_route=%2Fwp%2Fv2%2Ftags&post=77676"}],"curies":[{"name":"wp","href":"https:\/\/api.w.org\/{rel}","templated":true}]}}