{"id":77694,"date":"2025-02-20T09:15:00","date_gmt":"2025-02-20T15:15:00","guid":{"rendered":"https:\/\/zonaroja.com.mx\/?p=77694"},"modified":"2025-02-20T07:01:26","modified_gmt":"2025-02-20T13:01:26","slug":"oficializan-construccion-de-66-mil-viviendas-en-oaxaca","status":"publish","type":"post","link":"https:\/\/zonaroja.com.mx\/?p=77694","title":{"rendered":"Oficializan construcci\u00f3n de 66 mil viviendas en Oaxaca"},"content":{"rendered":"\n<p>Redacci\u00f3n\/Zona Roja.&nbsp;<\/p>\n\n\n\n<p>Oaxaca de Ju\u00e1rez, Oax., a 20 de febrero de 2025.- Los gobiernos federal y estatal firmaron ayer un convenio de colaboraci\u00f3n para la construcci\u00f3n de al menos 66 mil viviendas en Oaxaca.<\/p>\n\n\n\n<p>El titular del Ejecutivo, Salom\u00f3n Jara Cruz, y la responsable de la Secretar\u00eda de Desarrollo Agrario, Territorial y Urbano (Sedatu), Edna Elena Vega Rangel acordaron la implementaci\u00f3n del Programa de Vivienda para el Bienestar.<\/p>\n\n\n\n<p>En un comunicado se inform\u00f3 que mediante esta estrategia del gobierno que encabeza la Presidenta Claudia Sheinbaum Pardo, se prev\u00e9n construir 66 mil casas en los pr\u00f3ximos seis a\u00f1os, en beneficio de las familias del estado.<\/p>\n\n\n\n<p>Jara Cruz coment\u00f3 que este acuerdo permitir\u00e1 que en Oaxaca se tengan espacios habitacionales seguros y con acceso a los servicios b\u00e1sicos, adem\u00e1s, se impulsar\u00e1 el empleo, el desarrollo econ\u00f3mico y las oportunidades para las familias de las ocho regiones.<\/p>\n\n\n\n<p>\u201cTenemos una deuda hist\u00f3rica con las comunidades, con la gente m\u00e1s humilde, una situaci\u00f3n que prevalece en las zonas del sur del pa\u00eds, por eso es muy importante esta firma porque nos une un mismo objetivo que es revertir esta condici\u00f3n\u201d, expres\u00f3.<\/p>\n\n\n\n<p>En esta reuni\u00f3n de trabajo, la secretaria Edna Vega inform\u00f3 que, del total de acciones proyectadas para Oaxaca, 26 mil casas nuevas ser\u00e1n para personas derechohabientes del Instituto del Fondo Nacional de la Vivienda para los Trabajadores (Infonavit) y 40 mil para no derechohabientes a trav\u00e9s de la Comisi\u00f3n Nacional de Vivienda (Conavi).<\/p>\n\n\n\n<p>Indic\u00f3 que el 26 de febrero pr\u00f3ximo arrancan las obras de los primeros 12 mil hogares, que son el objetivo para este a\u00f1o.<\/p>\n\n\n\n<p>\u201cMi deseo es enfatizar la importancia de trabajar de forma unida para cumplir con las metas establecidas y garantizar a las familias de Oaxaca: viviendas adecuadas, asequibles y en zonas seguras\u201d, dijo.<\/p>\n\n\n\n<p>Por su parte, el director general del Instituto Nacional del Suelo Sustentable (Insus), Jos\u00e9 Iracheta Carroll asegur\u00f3 que existen condiciones para comenzar estas acciones de vivienda en el estado y rebasar la meta planteada, para que m\u00e1s familias cuenten con certeza jur\u00eddica de su patrimonio.<\/p>\n\n\n\n<p>Este convenio fue suscrito tambi\u00e9n por: el Infonavit, Conavi y el Fondo de Vivienda del Instituto de Seguridad y Servicios Sociales de los Trabajadores del Estado (Fovissste).<\/p>\n","protected":false},"excerpt":{"rendered":"<p>Redacci\u00f3n\/Zona Roja.&nbsp; Oaxaca de Ju\u00e1rez, Oax., a 20 de febrero de 2025.- Los gobiernos federal&hellip;<\/p>\n","protected":false},"author":2,"featured_media":77695,"comment_status":"closed","ping_status":"open","sticky":false,"template":"","format":"standard","meta":{"_lmt_disableupdate":"","_lmt_disable":"","_jetpack_memberships_contains_paid_content":false,"footnotes":""},"categories":[109,46],"tags":[939],"class_list":["post-77694","post","type-post","status-publish","format-standard","has-post-thumbnail","hentry","category-minuto-a-minuto","category-zona-blanca","tag-salomon-jara-cruz"],"jetpack_featured_media_url":"https:\/\/zonaroja.com.mx\/wp-content\/uploads\/2025\/02\/Firma-Salomon-Jara-y-Sedatu-convenio-para-implementar-Programa-de-Vivienda-para-el-Bienestar-3.jpeg","jetpack_sharing_enabled":true,"_links":{"self":[{"href":"https:\/\/zonaroja.com.mx\/index.php?rest_route=\/wp\/v2\/posts\/77694","targetHints":{"allow":["GET"]}}],"collection":[{"href":"https:\/\/zonaroja.com.mx\/index.php?rest_route=\/wp\/v2\/posts"}],"about":[{"href":"https:\/\/zonaroja.com.mx\/index.php?rest_route=\/wp\/v2\/types\/post"}],"author":[{"embeddable":true,"href":"https:\/\/zonaroja.com.mx\/index.php?rest_route=\/wp\/v2\/users\/2"}],"replies":[{"embeddable":true,"href":"https:\/\/zonaroja.com.mx\/index.php?rest_route=%2Fwp%2Fv2%2Fcomments&post=77694"}],"version-history":[{"count":1,"href":"https:\/\/zonaroja.com.mx\/index.php?rest_route=\/wp\/v2\/posts\/77694\/revisions"}],"predecessor-version":[{"id":77696,"href":"https:\/\/zonaroja.com.mx\/index.php?rest_route=\/wp\/v2\/posts\/77694\/revisions\/77696"}],"wp:featuredmedia":[{"embeddable":true,"href":"https:\/\/zonaroja.com.mx\/index.php?rest_route=\/wp\/v2\/media\/77695"}],"wp:attachment":[{"href":"https:\/\/zonaroja.com.mx\/index.php?rest_route=%2Fwp%2Fv2%2Fmedia&parent=77694"}],"wp:term":[{"taxonomy":"category","embeddable":true,"href":"https:\/\/zonaroja.com.mx\/index.php?rest_route=%2Fwp%2Fv2%2Fcategories&post=77694"},{"taxonomy":"post_tag","embeddable":true,"href":"https:\/\/zonaroja.com.mx\/index.php?rest_route=%2Fwp%2Fv2%2Ftags&post=77694"}],"curies":[{"name":"wp","href":"https:\/\/api.w.org\/{rel}","templated":true}]}}