{"id":77697,"date":"2025-02-20T11:18:00","date_gmt":"2025-02-20T17:18:00","guid":{"rendered":"https:\/\/zonaroja.com.mx\/?p=77697"},"modified":"2025-02-20T07:18:44","modified_gmt":"2025-02-20T13:18:44","slug":"y-asi-criticaba-luisa-alcalde-hace-9-anos-a-alejandro-murat","status":"publish","type":"post","link":"https:\/\/zonaroja.com.mx\/?p=77697","title":{"rendered":"Y as\u00ed criticaba Luisa Alcalde hace 9 a\u00f1os a Alejandro Murat"},"content":{"rendered":"\n<p>Redacci\u00f3n\/Zona Roja Cdmx.<\/p>\n\n\n\n<p>Ciudad de M\u00e9xico, a 20 de febrero de 2025.- En 2016, Luisa Mar\u00eda Alcalde, hoy presidenta nacional del partido guinda, lanz\u00f3 una fuerte cr\u00edtica contra Alejandro Murat, quien en ese momento se postulaba como candidato del PRI para la gubernatura de Oaxaca y que hoy forma parte de las filas de Morena.<\/p>\n\n\n\n<p>En aquel entonces, Alcalde se\u00f1al\u00f3 en redes sociales:<\/p>\n\n\n\n<p>\u201cY ah\u00ed va Murat al gobierno de Oaxaca con toda la plantilla y recursos del Infonavit. No tienen madre pidiendo \u2018nueva oportunidad\u2019\u201d.<\/p>\n\n\n\n<p>Sin embargo, nueve a\u00f1os despu\u00e9s, la historia ha dado un giro radical.<\/p>\n\n\n\n<p>Alejandro Murat, tras dejar el PRI y recibir una senadur\u00eda plurinominal por Morena, se afili\u00f3 formalmente al partido y comparti\u00f3 una foto en redes sociales donde aparece con la misma Luisa Alcalde, quien ahora lo respalda como parte de la 4T.<\/p>\n\n\n\n<p>El pasado 18 de febrero de 2025, Alejandro Murat public\u00f3 en su cuenta de X (antes Twitter) un mensaje donde anunci\u00f3 su incorporaci\u00f3n oficial a Morena:<\/p>\n\n\n\n<p>\u201cReafirmando mi compromiso con la transformaci\u00f3n de M\u00e9xico; en presencia de @LuisaAlcalde #MORENA #4T\u201d.<\/p>\n\n\n\n<p>El mensaje estuvo acompa\u00f1ado de una imagen donde posa junto a Alcalde, marcando un contraste evidente entre su pasado como priista y su nueva identidad pol\u00edtica dentro del movimiento encabezado por Claudia Sheinbaum.<\/p>\n\n\n\n<p>CRECE POL\u00c9MICA<\/p>\n\n\n\n<p>La adhesi\u00f3n de Murat no ha pasado desapercibida dentro de Morena.<\/p>\n\n\n\n<p>Su llegada, junto con la de Miguel \u00c1ngel Yunes M\u00e1rquez, exmiembro del PAN, ha generado fricciones dentro del partido.<\/p>\n\n\n\n<p>Algunos militantes han cuestionado que Morena, que en el pasado critic\u00f3 duramente a Murat y su familia, ahora lo acepte sin reparos.<\/p>\n\n\n\n<p>En 2016, el propio AMLO critic\u00f3 la postulaci\u00f3n de Alejandro Murat en Oaxaca, asegurando que:<\/p>\n\n\n\n<p>\u201cDesignar al hijo de Murat como candidato del PRI en Oaxaca demuestra que en vez de rep\u00fablica existe una monarqu\u00eda hereditaria y corrupta\u201d.<\/p>\n\n\n\n<p>Sin embargo, hoy su hijo, Andr\u00e9s \u2018Andy\u2019 L\u00f3pez Beltr\u00e1n, ha sido uno de los principales promotores de su incorporaci\u00f3n a Morena, con el objetivo de reforzar la meta de 10 millones de afiliados.<\/p>\n\n\n\n<p>RECHAZO DE SENADORES<\/p>\n\n\n\n<p>El ingreso de Murat al partido ha provocado reacciones adversas dentro de Morena.<\/p>\n\n\n\n<p>Senadores de Oaxaca han exigido a la Comisi\u00f3n de Honestidad y Justicia del partido que revoque su registro, argumentando que la familia Murat es sin\u00f3nimo de corrupci\u00f3n en el estado.<\/p>\n\n\n\n<p>\u201cComprendemos y aceptamos las alianzas electorales y coyunturales, pero hacemos un llamado a las instancias del partido para que invaliden el registro de Alejandro Murat como militante de nuestro movimiento. Ni perd\u00f3n ni olvido a todos los atropellos al pueblo de Oaxaca de la familia Murat\u201d, declar\u00f3 el senador Antonino Morales Toledo.<\/p>\n\n\n\n<p>La senadora Laura Estrada tambi\u00e9n se manifest\u00f3 en contra de la adhesi\u00f3n de Murat, asegurando que:<\/p>\n\n\n\n<p>\u201cEl apellido Murat es sin\u00f3nimo de corrupci\u00f3n. Nos heredaron un estado endeudado y con un sistema de salud en ruinas. Morena no puede traicionar sus principios aceptando a personajes que representan todo lo que combatimos\u201d.<\/p>\n\n\n\n<p>LA DEFENSA<\/p>\n\n\n\n<p>A pesar de la controversia, Luisa Alcalde ha justificado la afiliaci\u00f3n de Murat y otros exopositores, asegurando que Morena debe ser un partido abierto siempre que no se pierdan los principios del movimiento.<\/p>\n\n\n\n<p>\u201cSiempre y cuando no cedamos en el objetivo b\u00e1sico, que es el proyecto de pa\u00eds que representamos, debemos seguir sumando fuerzas\u201d, afirm\u00f3 en entrevista.<\/p>\n\n\n\n<p>No obstante, estas palabras contrastan con su tuit de 2016, donde no dud\u00f3 en criticar la llegada de Murat al gobierno de Oaxaca. Hoy, su postura ha cambiado radicalmente, al punto de recibir con los brazos abiertos a quien antes se\u00f1al\u00f3 como parte del \u201cviejo r\u00e9gimen\u201d.<\/p>\n\n\n\n<p>(Informaci\u00f3n de Pol\u00edtico.Mx)<\/p>\n","protected":false},"excerpt":{"rendered":"<p>Redacci\u00f3n\/Zona Roja Cdmx. Ciudad de M\u00e9xico, a 20 de febrero de 2025.- En 2016, Luisa&hellip;<\/p>\n","protected":false},"author":2,"featured_media":77657,"comment_status":"closed","ping_status":"open","sticky":false,"template":"","format":"standard","meta":{"_lmt_disableupdate":"","_lmt_disable":"","_jetpack_memberships_contains_paid_content":false,"footnotes":""},"categories":[109,47],"tags":[102,4161],"class_list":["post-77697","post","type-post","status-publish","format-standard","has-post-thumbnail","hentry","category-minuto-a-minuto","category-zona-gris","tag-alejandro-murat","tag-luisa-alcalde-morena"],"jetpack_featured_media_url":"https:\/\/zonaroja.com.mx\/wp-content\/uploads\/2025\/02\/Alejandro-Murat-y-Luisa-Alcalde.jpeg","jetpack_sharing_enabled":true,"_links":{"self":[{"href":"https:\/\/zonaroja.com.mx\/index.php?rest_route=\/wp\/v2\/posts\/77697","targetHints":{"allow":["GET"]}}],"collection":[{"href":"https:\/\/zonaroja.com.mx\/index.php?rest_route=\/wp\/v2\/posts"}],"about":[{"href":"https:\/\/zonaroja.com.mx\/index.php?rest_route=\/wp\/v2\/types\/post"}],"author":[{"embeddable":true,"href":"https:\/\/zonaroja.com.mx\/index.php?rest_route=\/wp\/v2\/users\/2"}],"replies":[{"embeddable":true,"href":"https:\/\/zonaroja.com.mx\/index.php?rest_route=%2Fwp%2Fv2%2Fcomments&post=77697"}],"version-history":[{"count":1,"href":"https:\/\/zonaroja.com.mx\/index.php?rest_route=\/wp\/v2\/posts\/77697\/revisions"}],"predecessor-version":[{"id":77698,"href":"https:\/\/zonaroja.com.mx\/index.php?rest_route=\/wp\/v2\/posts\/77697\/revisions\/77698"}],"wp:featuredmedia":[{"embeddable":true,"href":"https:\/\/zonaroja.com.mx\/index.php?rest_route=\/wp\/v2\/media\/77657"}],"wp:attachment":[{"href":"https:\/\/zonaroja.com.mx\/index.php?rest_route=%2Fwp%2Fv2%2Fmedia&parent=77697"}],"wp:term":[{"taxonomy":"category","embeddable":true,"href":"https:\/\/zonaroja.com.mx\/index.php?rest_route=%2Fwp%2Fv2%2Fcategories&post=77697"},{"taxonomy":"post_tag","embeddable":true,"href":"https:\/\/zonaroja.com.mx\/index.php?rest_route=%2Fwp%2Fv2%2Ftags&post=77697"}],"curies":[{"name":"wp","href":"https:\/\/api.w.org\/{rel}","templated":true}]}}