{"id":77699,"date":"2025-02-20T00:18:00","date_gmt":"2025-02-20T06:18:00","guid":{"rendered":"https:\/\/zonaroja.com.mx\/?p=77699"},"modified":"2025-05-12T05:23:07","modified_gmt":"2025-05-12T11:23:07","slug":"inversionistas-oaxaquenos-construiran-central-de-abasto-pero-los-extorsionan","status":"publish","type":"post","link":"https:\/\/zonaroja.com.mx\/?p=77699","title":{"rendered":"Inversionistas oaxaque\u00f1os construir\u00e1n Central de Abasto\u2026 pero los extorsionan"},"content":{"rendered":"\n<p>Ismael Garc\u00eda M.\/Zona Roja.<\/p>\n\n\n\n<p>Oaxaca de Ju\u00e1rez, Oax., a 20 de febrero de 2025.- Comerciantes e inversionistas oaxaque\u00f1os se unieron para impulsar la construcci\u00f3n de una nueva Central de Abasto, que se ubicar\u00e1 en Tlacolula de Matamoros en un terreno de 22 hect\u00e1reas, con una inversi\u00f3n inicial de mil millones de pesos.<\/p>\n\n\n\n<p>Los trabajos ya arrancaron con el desplante y se prev\u00e9 que generen cinco mil trabajos directos y 10 mil indirectos, anunciaron ayer en conferencia de prensa.<\/p>\n\n\n\n<p>Sin embargo, desde hace siete a\u00f1os en que iniciaron con la idea de construir una Central de Abasto, han sido extorsionados, presuntamente por gente ligada al ex gobernador Jos\u00e9 Murat.<\/p>\n\n\n\n<p>\u201cLes quiero decir con toda claridad que en este proyecto no participa nadie ajeno a comerciantes de la Central de Abasto de la ciudad de Oaxaca\u2026 hay un personaje que pretende desde hace siete a\u00f1os extorsionar a los compa\u00f1eros del proyecto.&nbsp;<\/p>\n\n\n\n<p>\u201cLa persona esta, el susodicho (Alfredo Efr\u00e9n Velasco M\u00e9ndez) se acerca a don Emilio Carre\u00f3n y le dice: Emilio, quiero decirte que me gusta tu proyecto y para que el proyecto camine, me tienes que dar 10 millones de pesos\u201d, revel\u00f3 el presidente de la Confederaci\u00f3n Nacional de Agrupaciones de Comerciantes de Centros de Abasto, Arturo Fern\u00e1ndez Mart\u00ednez.<\/p>\n\n\n\n<p>Aunado a ello, los extorsionadores han recurrido a las amenazas y los golpes, as\u00ed como la utilizaci\u00f3n de grupos de choque; no obstante, cuentan con todos los documentos que avalan la propiedad como el proyecto.<\/p>\n\n\n\n<p>Por su parte, el presidente de la mesa directiva de la Uni\u00f3n de Bodegueros de la Central de Abasto de la capital, Emilio Carre\u00f3n Cervantes, lament\u00f3 la actitud de dicha persona que asegura es familiar de quien fuera coordinador de comunicaci\u00f3n social en el sexenio de Jos\u00e9 Murat.<\/p>\n\n\n\n<p>\u201cMe difaman y me se\u00f1alan como c\u00e1rtel del despojo, que represento a gente en la Central de Abasto con negocios il\u00edcitos; pero en este proyecto est\u00e1n comerciantes de esa zona, presido desde hace varios a\u00f1os la Uni\u00f3n de Bodegueros y la gente me conoce; quieren ensuciar este proyecto tom\u00e1ndooslo como imagen a los se\u00f1ores Murat cuando no tenemos ninguna relaci\u00f3n, es inversi\u00f3n de comerciantes\u201d, detall\u00f3.<\/p>\n\n\n\n<p>Indic\u00f3 que cuando dicha persona se present\u00f3 con \u00e9l, lo hizo como ex vocero de Jos\u00e9 Murat y lo hizo para extorsionarlo. Indic\u00f3 que est\u00e1n dispuestos a debatir el caso pero en tribunales y mediante documentos oficiales; asimismo, a comparecer ante cualquier autoridad que lo requiera.<\/p>\n\n\n\n<p>El predio se ubica a un costado de la carretera federal 190 Oaxaca-Istmo, cerca del acceso a Tlacolula de Matamoros; tiene una extensi\u00f3n total de 22 hect\u00e1reas y se trabajar\u00e1 en conjunto con dos sindicatos del transporte.<\/p>\n\n\n\n<p>Participa un centenar de empresarios oaxaque\u00f1os y la Central o Centro de Abasto habr\u00e1n 600 negocios que surtir\u00e1n al mayoreo y contar\u00e1 con un mercado de 200 locales para surtir cantidades menores.&nbsp;<\/p>\n\n\n\n<p>Detallaron que en sus 47 a\u00f1os de vida, la Central de Abasto de la capital se ha vuelto obsoleta y saturada con 20 mil comerciantes entre formales e informales ubicados en 16 hect\u00e1reas de terreno, el cual contin\u00faa sobre pobl\u00e1ndose, toda vez la nueva administraci\u00f3n municipal ha realizado mediciones para m\u00e1s puestos.&nbsp;<\/p>\n\n\n\n<p>La obra est\u00e1 a cargo de la empresa Dolmen y habr\u00e1 siete mil metros cuadros de \u00e1rea verde y 100 mil metros de construcci\u00f3n, el resto ser\u00e1n andenes para traileros, mil 160 cajones para autos y una planta de tratamiento de aguas residuales y un centro de acopio para desechos org\u00e1nicos e inorg\u00e1nicos.&nbsp;<\/p>\n\n\n\n<p>El banderazo oficial de los trabajos se dar\u00e1 una vez que lo permita la agenda de las autoridades del estado de Oaxaca.<\/p>\n\n\n\n<figure class=\"wp-block-embed is-type-rich is-provider-twitter wp-block-embed-twitter\"><div class=\"wp-block-embed__wrapper\">\n<div class=\"twitter-tweet\"><blockquote class=\"twitter-tweet\" data-lang=\"es\"><p lang=\"es\" dir=\"ltr\">2. Pese a contar con la documentaci\u00f3n legal y los permisos correspondientes, los empresarios de la Central de Abasto de <a href=\"https:\/\/twitter.com\/hashtag\/Oaxaca?src=hash&amp;ref_src=twsrc%5Etfw\">#Oaxaca<\/a> han sido extorsionados presuntamente por gente ligada al ex gobernador Jos\u00e9 Murat, quien les ped\u00eda 10 millones de pesos; les han hecho tambi\u00e9n\u2026 <a href=\"https:\/\/t.co\/isUx4e9i82\">pic.twitter.com\/isUx4e9i82<\/a><\/p>&mdash; Zona Roja Oaxaca (@ZonaRoja_Oaxaca) <a href=\"https:\/\/twitter.com\/ZonaRoja_Oaxaca\/status\/1892417273417044206?ref_src=twsrc%5Etfw\">20 de febrero de 2025<\/a><\/blockquote><\/div>\n<\/div><\/figure>\n","protected":false},"excerpt":{"rendered":"<p>Ismael Garc\u00eda M.\/Zona Roja. Oaxaca de Ju\u00e1rez, Oax., a 20 de febrero de 2025.- Comerciantes&hellip;<\/p>\n","protected":false},"author":2,"featured_media":77700,"comment_status":"closed","ping_status":"open","sticky":false,"template":"","format":"standard","meta":{"_lmt_disableupdate":"","_lmt_disable":"","_jetpack_memberships_contains_paid_content":false,"footnotes":""},"categories":[109,47],"tags":[4223],"class_list":["post-77699","post","type-post","status-publish","format-standard","has-post-thumbnail","hentry","category-minuto-a-minuto","category-zona-gris","tag-central-de-abasto-tlacolula"],"jetpack_featured_media_url":"https:\/\/zonaroja.com.mx\/wp-content\/uploads\/2025\/02\/Central-de-Abasto-ciudad-de-Oaxaca.jpg","jetpack_sharing_enabled":true,"_links":{"self":[{"href":"https:\/\/zonaroja.com.mx\/index.php?rest_route=\/wp\/v2\/posts\/77699","targetHints":{"allow":["GET"]}}],"collection":[{"href":"https:\/\/zonaroja.com.mx\/index.php?rest_route=\/wp\/v2\/posts"}],"about":[{"href":"https:\/\/zonaroja.com.mx\/index.php?rest_route=\/wp\/v2\/types\/post"}],"author":[{"embeddable":true,"href":"https:\/\/zonaroja.com.mx\/index.php?rest_route=\/wp\/v2\/users\/2"}],"replies":[{"embeddable":true,"href":"https:\/\/zonaroja.com.mx\/index.php?rest_route=%2Fwp%2Fv2%2Fcomments&post=77699"}],"version-history":[{"count":1,"href":"https:\/\/zonaroja.com.mx\/index.php?rest_route=\/wp\/v2\/posts\/77699\/revisions"}],"predecessor-version":[{"id":77701,"href":"https:\/\/zonaroja.com.mx\/index.php?rest_route=\/wp\/v2\/posts\/77699\/revisions\/77701"}],"wp:featuredmedia":[{"embeddable":true,"href":"https:\/\/zonaroja.com.mx\/index.php?rest_route=\/wp\/v2\/media\/77700"}],"wp:attachment":[{"href":"https:\/\/zonaroja.com.mx\/index.php?rest_route=%2Fwp%2Fv2%2Fmedia&parent=77699"}],"wp:term":[{"taxonomy":"category","embeddable":true,"href":"https:\/\/zonaroja.com.mx\/index.php?rest_route=%2Fwp%2Fv2%2Fcategories&post=77699"},{"taxonomy":"post_tag","embeddable":true,"href":"https:\/\/zonaroja.com.mx\/index.php?rest_route=%2Fwp%2Fv2%2Ftags&post=77699"}],"curies":[{"name":"wp","href":"https:\/\/api.w.org\/{rel}","templated":true}]}}