{"id":7770,"date":"2020-01-17T13:16:03","date_gmt":"2020-01-17T19:16:03","guid":{"rendered":"https:\/\/www.zonaroja.com.mx\/?p=7770"},"modified":"2020-01-17T13:16:05","modified_gmt":"2020-01-17T19:16:05","slug":"estoy-avecindado-en-oaxaca-vengo-muy-seguido-por-algo-sera-lopez-obrador","status":"publish","type":"post","link":"https:\/\/zonaroja.com.mx\/?p=7770","title":{"rendered":"\u201cEstoy avecindado en Oaxaca, vengo muy seguido, por algo ser\u00e1\u201d: L\u00f3pez Obrador"},"content":{"rendered":"\n<p class=\"MsoNormal\">Yuridiana Sosa\/Zona Roja.&nbsp;<\/p>\n\n\n\n<p class=\"MsoNormal\">Oaxaca de Ju\u00e1rez, Oax., 17 de enero de 2020.- &nbsp;\u201cEstoy avecindado en Oaxaca, vengo muy seguido, por algo ser\u00e1; quiero mucho sinceramente al pueblo de Oaxaca y ahora vamos a inaugurar caminos\u201d.<\/p>\n\n\n\n<p class=\"MsoNormal\">As\u00ed arrib\u00f3 el Presidente de la Rep\u00fablica, Andr\u00e9s Manuel L\u00f3pez Obrador, a la entidad una vez m\u00e1s, como parte de su primera gira de trabajo a Oaxaca durante este 2020, que incluye tres d\u00edas a partir de&nbsp;<a href=\"\/\/1\">este viernes<\/a>.<\/p>\n\n\n\n<p class=\"MsoNormal\">El mandatario lleg\u00f3 &nbsp;poco antes&nbsp;<a href=\"\/\/2\">de las 11:00<\/a>horas de&nbsp;al aeropuerto \u201cBenito Ju\u00e1rez\u201d, en Santa Cruz Xoxocotl\u00e1n, donde fue recibo por el gobernador Alejandro Murat Hinojosa, adem\u00e1s de funcionarios federales con presencia en Oaxaca.<\/p>\n\n\n\n<p class=\"MsoNormal\">L\u00f3pez Obrador inaugurar\u00e1 la apertura de caminos rurales que se realizaron por medio de los programas federales, pero realizados por las comunidades; en esta ocasi\u00f3n en la regi\u00f3n Mixteca.<\/p>\n\n\n\n<p class=\"MsoNormal\">Hoy &nbsp;estar\u00e1 presente en la comunidad de San Antonio Sinicahua, programada para&nbsp;<a href=\"\/\/5\">las 15:00<\/a>&nbsp;horas. Ma\u00f1ana, se dirige a Santos Reyes Yucun\u00e1, donde se prevee el arribo&nbsp;<a href=\"\/\/7\">a las 10:30<\/a>horas y&nbsp;<a href=\"\/\/8\">a las 16:30<\/a>&nbsp;horas en San Andr\u00e9s Nuxi\u00f1o.<\/p>\n\n\n\n<p class=\"MsoNormal\">Durante su \u00faltimo d\u00eda, visitar\u00e1 por la ma\u00f1ana la poblaci\u00f3n de Santa Mar\u00eda Tepantlalli y cerca&nbsp;<a href=\"\/\/10\">de las 14:15<\/a>&nbsp;horas Santo Domingo Xagac\u00eda.<\/p>\n\n\n\n<p class=\"MsoNormal\">En un breve encuentro con los medios de comunicaci\u00f3n, el Presidente reiter\u00f3 su cari\u00f1o por la entidad oaxaque\u00f1a, de donde se dijo \u201cavencindado\u201d, por las continuas visitas que efectua en Oaxaca, en sus diferentes regiones.<\/p>\n\n\n\n<p class=\"MsoNormal\">\u201cVamos a seguir trabajando (por Oaxaca)\u201d, mencion\u00f3 L\u00f3pez Obrador, quien adem\u00e1s dijo que el dinero que se obtenga por la venta, renta o rifa del avi\u00f3n presidencial se destinar\u00e1 a los hospitales p\u00fablicos del pa\u00eds, donde se requieren equipamientos m\u00e9dicos.&nbsp;<\/p>\n\n\n\n<p class=\"MsoNormal\">Durante el arribo del presidente y ya a bordo de la camioneta que lo conducir\u00e1 a su gira, la delegada estatal de Programas para el Desarrollo en Oaxaca, Nancy Ortiz, se acerc\u00f3 al mandatario y a trav\u00e9s de la ventanilla le entrego lo que dijo era \u201cel informe\u201d.<\/p>\n","protected":false},"excerpt":{"rendered":"<p>Yuridiana Sosa\/Zona Roja.&nbsp; Oaxaca de Ju\u00e1rez, Oax., 17 de enero de 2020.- &nbsp;\u201cEstoy avecindado en&hellip;<\/p>\n","protected":false},"author":2,"featured_media":7769,"comment_status":"closed","ping_status":"open","sticky":false,"template":"","format":"standard","meta":{"_lmt_disableupdate":"","_lmt_disable":"","_jetpack_memberships_contains_paid_content":false,"footnotes":""},"categories":[109,46],"tags":[143],"class_list":["post-7770","post","type-post","status-publish","format-standard","has-post-thumbnail","hentry","category-minuto-a-minuto","category-zona-blanca","tag-andres-manuel-lopez-obrador"],"jetpack_featured_media_url":"https:\/\/zonaroja.com.mx\/wp-content\/uploads\/2020\/01\/7115b6b5-fc1f-4bec-901a-50a8fb5b64e1.jpg","jetpack_sharing_enabled":true,"_links":{"self":[{"href":"https:\/\/zonaroja.com.mx\/index.php?rest_route=\/wp\/v2\/posts\/7770","targetHints":{"allow":["GET"]}}],"collection":[{"href":"https:\/\/zonaroja.com.mx\/index.php?rest_route=\/wp\/v2\/posts"}],"about":[{"href":"https:\/\/zonaroja.com.mx\/index.php?rest_route=\/wp\/v2\/types\/post"}],"author":[{"embeddable":true,"href":"https:\/\/zonaroja.com.mx\/index.php?rest_route=\/wp\/v2\/users\/2"}],"replies":[{"embeddable":true,"href":"https:\/\/zonaroja.com.mx\/index.php?rest_route=%2Fwp%2Fv2%2Fcomments&post=7770"}],"version-history":[{"count":1,"href":"https:\/\/zonaroja.com.mx\/index.php?rest_route=\/wp\/v2\/posts\/7770\/revisions"}],"predecessor-version":[{"id":7771,"href":"https:\/\/zonaroja.com.mx\/index.php?rest_route=\/wp\/v2\/posts\/7770\/revisions\/7771"}],"wp:featuredmedia":[{"embeddable":true,"href":"https:\/\/zonaroja.com.mx\/index.php?rest_route=\/wp\/v2\/media\/7769"}],"wp:attachment":[{"href":"https:\/\/zonaroja.com.mx\/index.php?rest_route=%2Fwp%2Fv2%2Fmedia&parent=7770"}],"wp:term":[{"taxonomy":"category","embeddable":true,"href":"https:\/\/zonaroja.com.mx\/index.php?rest_route=%2Fwp%2Fv2%2Fcategories&post=7770"},{"taxonomy":"post_tag","embeddable":true,"href":"https:\/\/zonaroja.com.mx\/index.php?rest_route=%2Fwp%2Fv2%2Ftags&post=7770"}],"curies":[{"name":"wp","href":"https:\/\/api.w.org\/{rel}","templated":true}]}}