{"id":77702,"date":"2025-02-20T12:06:00","date_gmt":"2025-02-20T18:06:00","guid":{"rendered":"https:\/\/zonaroja.com.mx\/?p=77702"},"modified":"2025-02-20T08:09:34","modified_gmt":"2025-02-20T14:09:34","slug":"fortalecen-en-santa-cruz-xoxocotlan-acciones-contra-la-violencia-de-genero","status":"publish","type":"post","link":"https:\/\/zonaroja.com.mx\/?p=77702","title":{"rendered":"Fortalecen en Santa Cruz Xoxocotl\u00e1n acciones contra la violencia de g\u00e9nero\u00a0"},"content":{"rendered":"\n<p>Redacci\u00f3n\/Zona Roja.<\/p>\n\n\n\n<p>Oaxaca de Ju\u00e1rez, Oax., a 20 de febrero de 2025.- Con la finalidad de brindar herramientas jur\u00eddicas, de acompa\u00f1amiento y de asesor\u00eda psicol\u00f3gica a las y los funcionarios para la oportuna prevenci\u00f3n, atenci\u00f3n y erradicaci\u00f3n de la violencia de g\u00e9nero, el gobierno municipal de Santa Cruz Xoxocotl\u00e1n fortalece las acciones para que las mujeres tengan una vida libre de violencia.&nbsp;<\/p>\n\n\n\n<p>La presidenta municipal, Nancy Ben\u00edtez Z\u00e1rate, integrantes de su Cabildo y personal del ayuntamiento se capacitaron en la aplicaci\u00f3n de \u00f3rdenes de protecci\u00f3n en casos de violencia de g\u00e9nero, adem\u00e1s de las herramientas jur\u00eddicas que tienen dentro de sus facultades y a su alcance para garantizar la seguridad de las mujeres. La capacitaci\u00f3n estuvo a cargo de Rogelia Gonz\u00e1lez Luis, subsecretaria de Prevenci\u00f3n de la Violencia de G\u00e9nero de la Secretar\u00eda de las Mujeres del estado de Oaxaca. &nbsp;<\/p>\n\n\n\n<p>Durante su intervenci\u00f3n, la presidenta municipal, Nancy Ben\u00edtez Z\u00e1rate, reconoci\u00f3 la importancia que tiene para su gobierno este tipo de capacitaciones, que tienen como objetivo preparar a las y los servidores p\u00fablicos en caso de situaciones de violencia y que conozcan el protocolo para salvaguardar la vida de las mujeres.&nbsp;<\/p>\n\n\n\n<p>La capacitaci\u00f3n, coordinada por la Instancia Municipal de las Mujeres del ayuntamiento de Xoxocotl\u00e1n, tambi\u00e9n es enmarcada en uno de los ejes estrat\u00e9gicos del gobierno de la presidenta Claudia Sheinbaum Pardo, en donde se destaca que desde los gobiernos municipales se de atenci\u00f3n prioritaria a los casos de violencia de g\u00e9nero.&nbsp;<\/p>\n\n\n\n<p>Gonz\u00e1lez Ruiz indic\u00f3 que este mecanismo de \u00f3rdenes de protecci\u00f3n tiene la finalidad de brindar orientaci\u00f3n y salvaguarda a las mujeres, ni\u00f1as y ni\u00f1os que requieran protecci\u00f3n ante alg\u00fan caso de violencia, con base en la Ley General de Acceso de las Mujeres a una Vida Libre de Violencia.&nbsp;<\/p>\n\n\n\n<p>El gobierno de Santa Cruz Xoxocotl\u00e1n reafirma su compromiso con la construcci\u00f3n de entornos seguros para las mujeres, as\u00ed como mantener los trabajos para prevenir, atender y erradicar la violencia de g\u00e9nero.<\/p>\n","protected":false},"excerpt":{"rendered":"<p>Redacci\u00f3n\/Zona Roja. Oaxaca de Ju\u00e1rez, Oax., a 20 de febrero de 2025.- Con la finalidad&hellip;<\/p>\n","protected":false},"author":2,"featured_media":77703,"comment_status":"closed","ping_status":"open","sticky":false,"template":"","format":"standard","meta":{"_lmt_disableupdate":"","_lmt_disable":"","_jetpack_memberships_contains_paid_content":false,"footnotes":""},"categories":[109,46],"tags":[133],"class_list":["post-77702","post","type-post","status-publish","format-standard","has-post-thumbnail","hentry","category-minuto-a-minuto","category-zona-blanca","tag-santa-cruz-xoxocotlan"],"jetpack_featured_media_url":"https:\/\/zonaroja.com.mx\/wp-content\/uploads\/2025\/02\/Capacitacion-Fortalece-Xoxocotlan-acciones-contra-la-violencia-de-genero-2.jpeg","jetpack_sharing_enabled":true,"_links":{"self":[{"href":"https:\/\/zonaroja.com.mx\/index.php?rest_route=\/wp\/v2\/posts\/77702","targetHints":{"allow":["GET"]}}],"collection":[{"href":"https:\/\/zonaroja.com.mx\/index.php?rest_route=\/wp\/v2\/posts"}],"about":[{"href":"https:\/\/zonaroja.com.mx\/index.php?rest_route=\/wp\/v2\/types\/post"}],"author":[{"embeddable":true,"href":"https:\/\/zonaroja.com.mx\/index.php?rest_route=\/wp\/v2\/users\/2"}],"replies":[{"embeddable":true,"href":"https:\/\/zonaroja.com.mx\/index.php?rest_route=%2Fwp%2Fv2%2Fcomments&post=77702"}],"version-history":[{"count":1,"href":"https:\/\/zonaroja.com.mx\/index.php?rest_route=\/wp\/v2\/posts\/77702\/revisions"}],"predecessor-version":[{"id":77704,"href":"https:\/\/zonaroja.com.mx\/index.php?rest_route=\/wp\/v2\/posts\/77702\/revisions\/77704"}],"wp:featuredmedia":[{"embeddable":true,"href":"https:\/\/zonaroja.com.mx\/index.php?rest_route=\/wp\/v2\/media\/77703"}],"wp:attachment":[{"href":"https:\/\/zonaroja.com.mx\/index.php?rest_route=%2Fwp%2Fv2%2Fmedia&parent=77702"}],"wp:term":[{"taxonomy":"category","embeddable":true,"href":"https:\/\/zonaroja.com.mx\/index.php?rest_route=%2Fwp%2Fv2%2Fcategories&post=77702"},{"taxonomy":"post_tag","embeddable":true,"href":"https:\/\/zonaroja.com.mx\/index.php?rest_route=%2Fwp%2Fv2%2Ftags&post=77702"}],"curies":[{"name":"wp","href":"https:\/\/api.w.org\/{rel}","templated":true}]}}