{"id":77707,"date":"2025-02-20T14:15:00","date_gmt":"2025-02-20T20:15:00","guid":{"rendered":"https:\/\/zonaroja.com.mx\/?p=77707"},"modified":"2025-02-20T08:15:53","modified_gmt":"2025-02-20T14:15:53","slug":"mexico-tiene-20-de-las-50-ciudades-mas-violentas-del-mundo","status":"publish","type":"post","link":"https:\/\/zonaroja.com.mx\/?p=77707","title":{"rendered":"M\u00e9xico tiene 20 de las 50 ciudades m\u00e1s violentas del mundo"},"content":{"rendered":"\n<p>Redacci\u00f3n\/Zona Roja Cdmx.<\/p>\n\n\n\n<p>Ciudad de M\u00e9xico, a 20 de febrero de 2025.- Las ciudades mexicanas ubicadas en el \u201cRanking de las 50 ciudades m\u00e1s violentas del mundo\u201d aumentaron un 25% al pasar de 16, en 2023, a 20 en el listado m\u00e1s reciente realizado por el Consejo Ciudadano para la Seguridad P\u00fablica y la Justicia Penal A.C.<\/p>\n\n\n\n<p>\u201cDe las 50 ciudades m\u00e1s violentas del mundo 20 corresponden a M\u00e9xico, esto es, el 40%. Esa marca s\u00f3lo fue superada por Brasil en 2015 con 21 ciudades. El m\u00e1ximo de ciudades de M\u00e9xico en el ranking hasta ahora hab\u00eda sido el a\u00f1o 2019, con 19\u201d, se indic\u00f3 en el trabajo.<\/p>\n\n\n\n<p>Colima, en segundo lugar.<\/p>\n\n\n\n<p>Acapulco, en el tercer lugar.<\/p>\n\n\n\n<p>Manzanillo, en cuarto lugar.<\/p>\n\n\n\n<p>Tijuana, en quinto lugar.<\/p>\n\n\n\n<p>Ciudad Obreg\u00f3n, en el sexto lugar.<\/p>\n\n\n\n<p>Celaya, en octavo lugar.<\/p>\n\n\n\n<p>amora en noveno lugar.<\/p>\n\n\n\n<p>El resto de ciudades que forman parte de las 50 m\u00e1s peligrosas son: Cuernavaca, Ciudad Ju\u00e1rez, Culiac\u00e1n, Uruapan, Irapuato, Chihuahua, Chilpancingo, Zacatecas, Le\u00f3n, Tapachula, Benito Ju\u00e1rez, Villahermosa y Morelia.<\/p>\n\n\n\n<p>Jos\u00e9 Antonio Ortega, presidente del Consejo Ciudadano para la Seguridad P\u00fablica y la Justicia Penal, acus\u00f3 al Gobierno mexicano de manipular cifras para reducir artificialmente la incidencia criminal reportada.<\/p>\n\n\n\n<p>Como ejemplo, cit\u00f3 el caso del asesinato de seis ni\u00f1os y tres mujeres de la familia LeBar\u00f3n en Bavispe, Sonora, ocurrido el 4 de noviembre de 2019, donde las cifras oficiales registraron solo cinco homicidios en todo el estado ese d\u00eda.<\/p>\n\n\n\n<p>El presidente del Consejo Ciudadano para la Seguridad P\u00fablica y la Justicia Penal, explic\u00f3 que la falta de castigo a los homicidas y la protecci\u00f3n que reciben ciertos grupos criminales permite que estos contin\u00faen operando con total impunidad.<\/p>\n\n\n\n<p>\u201cSe abren carpetas de investigaci\u00f3n, pero no se concluyen ni judicializ\u00e1ndolas ni con sentencias para los responsables de los homicidios\u201d, afirm\u00f3 Ortega.<\/p>\n\n\n\n<p>Por otro lado, denunci\u00f3 que la clave del aumento en la cantidad de ciudades mexicanas en el listado es la falta de aplicaci\u00f3n de la ley y la protecci\u00f3n de ciertas autoridades a los grupos delictivos, lo que genera un entorno propicio para la expansi\u00f3n de la violencia.<\/p>\n\n\n\n<p>Tambi\u00e9n, mencion\u00f3 que, adem\u00e1s del narcotr\u00e1fico, las ciudades incluidas en el ranking tambi\u00e9n registran altos \u00edndices de extorsi\u00f3n, secuestro y robo con violencia.<\/p>\n\n\n\n<p>En la conferencia tambi\u00e9n se abord\u00f3 el tema de la cooperaci\u00f3n internacional en la lucha contra el crimen. Ortega lament\u00f3 la falta de colaboraci\u00f3n entre las autoridades mexicanas y otros pa\u00edses, se\u00f1alando que los c\u00e1rteles de la droga operan de manera global mientras que los gobiernos siguen sin coordinar esfuerzos de inteligencia.<\/p>\n\n\n\n<p>Ren\u00e9 Bolio Halloran, presidente de la Comisi\u00f3n Mexicana de Derechos Humanos, agreg\u00f3 que la participaci\u00f3n ciudadana es clave para la recuperaci\u00f3n de la seguridad. \u00abEs fundamental que la sociedad civil se involucre, haga denuncias y d\u00e9 seguimiento a los casos. La colaboraci\u00f3n entre ciudadanos y autoridades locales puede marcar la diferencia\u00bb, concluy\u00f3.<\/p>\n\n\n\n<p>(Informaci\u00f3n de \u201cEl Economista\u201d)<\/p>\n","protected":false},"excerpt":{"rendered":"<p>Redacci\u00f3n\/Zona Roja Cdmx. Ciudad de M\u00e9xico, a 20 de febrero de 2025.- Las ciudades mexicanas&hellip;<\/p>\n","protected":false},"author":2,"featured_media":72505,"comment_status":"closed","ping_status":"open","sticky":false,"template":"","format":"standard","meta":{"_lmt_disableupdate":"","_lmt_disable":"","_jetpack_memberships_contains_paid_content":false,"footnotes":""},"categories":[109,47],"tags":[],"class_list":["post-77707","post","type-post","status-publish","format-standard","has-post-thumbnail","hentry","category-minuto-a-minuto","category-zona-gris"],"jetpack_featured_media_url":"https:\/\/zonaroja.com.mx\/wp-content\/uploads\/2024\/09\/Violencia-en-Culiacan-Sinaloa-1.jpg","jetpack_sharing_enabled":true,"_links":{"self":[{"href":"https:\/\/zonaroja.com.mx\/index.php?rest_route=\/wp\/v2\/posts\/77707","targetHints":{"allow":["GET"]}}],"collection":[{"href":"https:\/\/zonaroja.com.mx\/index.php?rest_route=\/wp\/v2\/posts"}],"about":[{"href":"https:\/\/zonaroja.com.mx\/index.php?rest_route=\/wp\/v2\/types\/post"}],"author":[{"embeddable":true,"href":"https:\/\/zonaroja.com.mx\/index.php?rest_route=\/wp\/v2\/users\/2"}],"replies":[{"embeddable":true,"href":"https:\/\/zonaroja.com.mx\/index.php?rest_route=%2Fwp%2Fv2%2Fcomments&post=77707"}],"version-history":[{"count":1,"href":"https:\/\/zonaroja.com.mx\/index.php?rest_route=\/wp\/v2\/posts\/77707\/revisions"}],"predecessor-version":[{"id":77708,"href":"https:\/\/zonaroja.com.mx\/index.php?rest_route=\/wp\/v2\/posts\/77707\/revisions\/77708"}],"wp:featuredmedia":[{"embeddable":true,"href":"https:\/\/zonaroja.com.mx\/index.php?rest_route=\/wp\/v2\/media\/72505"}],"wp:attachment":[{"href":"https:\/\/zonaroja.com.mx\/index.php?rest_route=%2Fwp%2Fv2%2Fmedia&parent=77707"}],"wp:term":[{"taxonomy":"category","embeddable":true,"href":"https:\/\/zonaroja.com.mx\/index.php?rest_route=%2Fwp%2Fv2%2Fcategories&post=77707"},{"taxonomy":"post_tag","embeddable":true,"href":"https:\/\/zonaroja.com.mx\/index.php?rest_route=%2Fwp%2Fv2%2Ftags&post=77707"}],"curies":[{"name":"wp","href":"https:\/\/api.w.org\/{rel}","templated":true}]}}