{"id":77709,"date":"2025-02-20T18:20:35","date_gmt":"2025-02-21T00:20:35","guid":{"rendered":"https:\/\/zonaroja.com.mx\/?p=77709"},"modified":"2025-02-20T21:37:44","modified_gmt":"2025-02-21T03:37:44","slug":"impulsa-desarrollo-con-el-comite-de-la-ruta-turistica-de-la-mixteca","status":"publish","type":"post","link":"https:\/\/zonaroja.com.mx\/?p=77709","title":{"rendered":"Impulsa desarrollo con el Comit\u00e9 de la Ruta Tur\u00edstica de la Mixteca"},"content":{"rendered":"\n<p>Redacci\u00f3n\/Zona Roja.<\/p>\n\n\n\n<p>Oaxaca de Ju\u00e1rez, Oax., a 20 de febrero de 2025.- La secretaria de Turismo estatal, Saymi Pineda Velasco, tom\u00f3 protesta a los presidentes de nueve municipios, integrantes del Comit\u00e9 de la Ruta Tur\u00edstica de la Mixteca, quienes impulsar\u00e1n las pol\u00edticas y acciones para detonar el flujo tur\u00edstico, que convierta a esta actividad en el motor de desarrollo econ\u00f3mico y social de los pueblos de esa regi\u00f3n.<\/p>\n\n\n\n<p>Este comit\u00e9 es encabezado por el presidente municipal de la Villa de Tamazul\u00e1pam del Progreso, Juan Isidro Guerrero Ram\u00edrez e integrado por los ediles de San Pedro y San Pablo Teposcolula, San Pedro Yucunama, Yanhuitl\u00e1n, San Pedro Coixtlahuaca, Santiago Apoala, Asunci\u00f3n Nochixtl\u00e1n, Heroica Ciudad de Huajuapan de Le\u00f3n y la Heroica Ciudad de Tlaxiaco, esta \u00faltima localidad sede del Comit\u00e9, cuyo primer concejal, Jorge Octavio Hern\u00e1ndez Mart\u00ednez, fungir\u00e1 como secretario.<\/p>\n\n\n\n<p>Pineda Velasco destac\u00f3 que los pueblos de la Mixteca y de las ocho regiones cuentan con el apoyo del gobernador Salom\u00f3n Jara Cruz, por ello se instaur\u00f3 el programa de las Guelaguetzas Regionales para acercar las culturas, costumbres, tradiciones y arte a visitantes nacionales e internacionales, con la finalidad de estimular la econom\u00eda en las regiones.<\/p>\n\n\n\n<p>Este territorio, dijo, adem\u00e1s de la calidez de su gente, tiene \u00e1reas naturales protegidas como: un pueblo m\u00e1gico, un geoparque, los exconventos de la Ruta Dominica, gastronom\u00eda, cultura, danzas, atractivos para el sector tur\u00edstico; aunado al apoyo del Mandatario estatal y de la Presidenta Claudia Sheinbaum Pardo, quien dio a conocer el Plan General L\u00e1zaro C\u00e1rdenas.<\/p>\n\n\n\n<p>La funcionaria destac\u00f3 que, con la nueva infraestructura carretera, se podr\u00e1 traer a las agencias de viajes, turoperadores para que puedan disfrutar, en menos de 4 horas, la grandeza que tiene la zona.<\/p>\n\n\n\n<p>Se\u00f1al\u00f3 que, se solicitar\u00e1 que la Mixteca sea invitada a tener presencia en la Copa del Mundo para promover la riqueza gastron\u00f3mica, con la participaci\u00f3n de las cocineras tradicionales de la regi\u00f3n. Destac\u00f3 que, en los recorridos que realiz\u00f3 con el titular del Poder Ejecutivo, se tom\u00f3 en cuenta la enorme riqueza de los pueblos mixtecos.<\/p>\n\n\n\n<p>\u201cOaxaca representa el coraz\u00f3n cultural y ling\u00fc\u00edstico de nuestro pa\u00eds, somos afortunados, somos el estado m\u00e1s biodiverso, somos el epicentro gastron\u00f3mico de M\u00e9xico y tenemos algo que nadie puede ofrecer, nuestras 16 culturas vivas y nuestro pueblo afromexicano\u201d, se\u00f1al\u00f3.<\/p>\n\n\n\n<p>Con el Comit\u00e9 se consolidar\u00e1n los productos tur\u00edsticos en cada una de sus comunidades, trabajando de manera coordinada para lograr el desarrollo social y econ\u00f3mico de las y los mixtecos.<\/p>\n\n\n\n<p>BELLEZAS NATURALES Y ARQUITECT\u00d3NICAS<\/p>\n\n\n\n<p>En su oportunidad, el presidente municipal de Tlaxiaco destac\u00f3 que sus pueblos cuentan con la enorme belleza natural de sus bosques, grutas, cascadas, \u201cen cada municipio hay tesoros tur\u00edsticos por descubrir, pero sobre todo la oportunidad de conocer las tradiciones de su gente de paz, amable, con la mano extendida para compartir su m\u00fasica, sus fiestas, su cosmovisi\u00f3n y por supuesto su gastronom\u00eda\u201d.<\/p>\n\n\n\n<p>Agradeci\u00f3 el apoyo del Gobierno del Estado para lograr que se desarrolle todo el potencial tur\u00edstico de la Mixteca y, de esta manera, impulsar a los pueblos y familias ind\u00edgenas que han carecido por a\u00f1os de la ayuda para el desarrollo social.<\/p>\n","protected":false},"excerpt":{"rendered":"<p>Redacci\u00f3n\/Zona Roja. Oaxaca de Ju\u00e1rez, Oax., a 20 de febrero de 2025.- La secretaria de&hellip;<\/p>\n","protected":false},"author":2,"featured_media":77716,"comment_status":"closed","ping_status":"open","sticky":false,"template":"","format":"standard","meta":{"_lmt_disableupdate":"","_lmt_disable":"","_jetpack_memberships_contains_paid_content":false,"footnotes":""},"categories":[109,46],"tags":[1031],"class_list":["post-77709","post","type-post","status-publish","format-standard","has-post-thumbnail","hentry","category-minuto-a-minuto","category-zona-blanca","tag-secretaria-de-turismo-oaxaca"],"jetpack_featured_media_url":"https:\/\/zonaroja.com.mx\/wp-content\/uploads\/2025\/02\/Secretaria-de-Turismo-en-Tlaxiaco.jpg","jetpack_sharing_enabled":true,"_links":{"self":[{"href":"https:\/\/zonaroja.com.mx\/index.php?rest_route=\/wp\/v2\/posts\/77709","targetHints":{"allow":["GET"]}}],"collection":[{"href":"https:\/\/zonaroja.com.mx\/index.php?rest_route=\/wp\/v2\/posts"}],"about":[{"href":"https:\/\/zonaroja.com.mx\/index.php?rest_route=\/wp\/v2\/types\/post"}],"author":[{"embeddable":true,"href":"https:\/\/zonaroja.com.mx\/index.php?rest_route=\/wp\/v2\/users\/2"}],"replies":[{"embeddable":true,"href":"https:\/\/zonaroja.com.mx\/index.php?rest_route=%2Fwp%2Fv2%2Fcomments&post=77709"}],"version-history":[{"count":1,"href":"https:\/\/zonaroja.com.mx\/index.php?rest_route=\/wp\/v2\/posts\/77709\/revisions"}],"predecessor-version":[{"id":77711,"href":"https:\/\/zonaroja.com.mx\/index.php?rest_route=\/wp\/v2\/posts\/77709\/revisions\/77711"}],"wp:featuredmedia":[{"embeddable":true,"href":"https:\/\/zonaroja.com.mx\/index.php?rest_route=\/wp\/v2\/media\/77716"}],"wp:attachment":[{"href":"https:\/\/zonaroja.com.mx\/index.php?rest_route=%2Fwp%2Fv2%2Fmedia&parent=77709"}],"wp:term":[{"taxonomy":"category","embeddable":true,"href":"https:\/\/zonaroja.com.mx\/index.php?rest_route=%2Fwp%2Fv2%2Fcategories&post=77709"},{"taxonomy":"post_tag","embeddable":true,"href":"https:\/\/zonaroja.com.mx\/index.php?rest_route=%2Fwp%2Fv2%2Ftags&post=77709"}],"curies":[{"name":"wp","href":"https:\/\/api.w.org\/{rel}","templated":true}]}}