{"id":77725,"date":"2025-02-21T07:15:00","date_gmt":"2025-02-21T13:15:00","guid":{"rendered":"https:\/\/zonaroja.com.mx\/?p=77725"},"modified":"2025-02-21T06:38:01","modified_gmt":"2025-02-21T12:38:01","slug":"recogen-propuestas-de-universitarios-para-crear-nueva-constitucion","status":"publish","type":"post","link":"https:\/\/zonaroja.com.mx\/?p=77725","title":{"rendered":"Recogen propuestas de universitarios para crear nueva Constituci\u00f3n\u00a0"},"content":{"rendered":"\n<p>Redacci\u00f3n\/Zona Roja.&nbsp;<\/p>\n\n\n\n<p>Oaxaca de Ju\u00e1rez, Oax., a 21 de febrero de 2025.- Con la finalidad de escuchar a las juventudes y reunir nuevas propuestas de reforma a la Carta Magna del estado, el titular de la Consejer\u00eda y Asistencia Legal del Gobierno del Estado, Geovany V\u00e1squez Sagrero convers\u00f3 con estudiantes de la Universidad Jos\u00e9 Vasconcelos de Oaxaca (Univas) sobre la Historia de las Constituciones de Oaxaca y Propuestas de Reforma a la Constituci\u00f3n de 1922.<\/p>\n\n\n\n<p>En representaci\u00f3n del gobernador Salom\u00f3n Jara Cruz, V\u00e1squez Sagrero destac\u00f3 en este Encuentro Informativo y de Participaci\u00f3n Social y Ciudadana a cargo de la Comisi\u00f3n Estatal para la Conmemoraci\u00f3n del Bicentenario de la Primera Constituci\u00f3n del Estado Libre y Soberano de Oaxaca, que la entidad es juarista.<\/p>\n\n\n\n<p>Por lo anterior, mencion\u00f3 que uno de sus principios es el contenido del art\u00edculo 39 de la Constituci\u00f3n local, mismo que establece que la soberan\u00eda reside \u00fanica y esencialmente en el pueblo, que todo poder emana de \u00e9l y que tiene el inalienable derecho de transformar su forma de gobierno.<\/p>\n\n\n\n<p>\u201cNuestra actual Constituci\u00f3n de Oaxaca contiene 826 reformas, entonces es tiempo de que, en lugar de seguirla reformando, proponer un nuevo texto desde el pensamiento puro y vivo de los estudiantes y expertos que participan en estos espacios universitarios\u201d dijo, el consejero jur\u00eddico.<\/p>\n\n\n\n<p>De igual forma, se\u00f1al\u00f3 que las constituciones locales son c\u00edclicas, emanadas de movimientos armados que buscaban justicia social, pero, ahora, por primera vez, se tiene la oportunidad de que sea una revoluci\u00f3n de ideas de toda la ciudadan\u00eda la que establezca el nuevo marco normativo.<\/p>\n\n\n\n<p>El foro se desarroll\u00f3 con rondas de participaciones de especialistas, docentes y la comunidad estudiantil quienes mencionaron que, las normas establecidas en la Constituci\u00f3n deben ser claras, entendibles y sobre todo que se garanticen.<\/p>\n\n\n\n<p>Por su parte, la magistrada del Tribunal Superior de Justicia de Oaxaca (TSJO), Flor de Mar\u00eda Arrellanes Luna indic\u00f3 que la construcci\u00f3n de un nuevo marco normativo ser\u00e1 reflejo de la pluralidad, la diversidad cultural y social de Oaxaca.<\/p>\n\n\n\n<p>Asimismo, la rectora de la Univas, K\u00e9lmic Hern\u00e1ndez Arreort\u00faa se comprometi\u00f3 a sumar al di\u00e1logo constructivo, para que en la diversidad de ideas se encuentren las respuestas innovadoras y sostenibles que le den la certeza a la ciudadan\u00eda que estos ejercicios son democr\u00e1ticos y abiertos.<\/p>\n\n\n\n<p>A este encuentro tambi\u00e9n acudieron: el secretario de Administraci\u00f3n, Noel Hern\u00e1ndez Rito y la secretaria de Honestidad, Transparencia y Funci\u00f3n P\u00fablica, Leticia Elsa Reyes L\u00f3pez<\/p>\n\n\n\n<p>Adem\u00e1s, el director del Archivo General del Estado de Oaxaca, Jacobo Babines L\u00f3pez y el secretario t\u00e9cnico de la Comisi\u00f3n Estatal Para la Conmemoraci\u00f3n del Bicentenario de la Primera Constituci\u00f3n del Estado Libre y Soberano de Oaxaca, Ra\u00fal \u00c1vila Ortiz.<\/p>\n\n\n\n<p>TAMBI\u00c9N EN LA URSE<\/p>\n\n\n\n<p>La v\u00edspera, en el Tercer Encuentro Tem\u00e1tico, Informativo y de Participaci\u00f3n Social y Ciudadana, el titular de la Consejer\u00eda Jur\u00eddica y Asistencia Legal, Geovany V\u00e1squez Sagrero invit\u00f3 a m\u00e1s de 300 estudiantes de la Universidad Regional del Sureste (URSE), a aportar sus propuestas en la construcci\u00f3n de la cuarta Constituci\u00f3n de Oaxaca.<\/p>\n\n\n\n<p>El consejero Jur\u00eddico realiz\u00f3 un intercambio de ideas con alumnas y alumnos de las Facultades de Derecho y Ciencias Sociales, as\u00ed como de Ciencias Administrativas, en este foro denominado \u201cEstructura del Estado: poderes Ejecutivo, Legislativo y Judicial y \u00d3rganos Aut\u00f3nomos\u201d.<\/p>\n\n\n\n<p>\u201cEl Gobernador, Salom\u00f3n Jara Cruz, nos dio esta importante encomienda, donde la universalidad de pensamiento sea quien arrope este proyecto\u201d, dijo.<\/p>\n\n\n\n<p>Durante el encuentro tem\u00e1tico llevado a cabo en el marco de la Conmemoraci\u00f3n del Bicentenario de la Primera Constituci\u00f3n Pol\u00edtica del Estado Libre y Soberano de Oaxaca 1825; se escucharon las voces de docentes constitucionalistas, estudiantes; quienes abordaron planteamientos relativos a los derechos humanos, la paridad de g\u00e9nero, diversidades sexuales, derechos pol\u00edticos y electorales, entre otros.<\/p>\n","protected":false},"excerpt":{"rendered":"<p>Redacci\u00f3n\/Zona Roja.&nbsp; Oaxaca de Ju\u00e1rez, Oax., a 21 de febrero de 2025.- Con la finalidad&hellip;<\/p>\n","protected":false},"author":2,"featured_media":77726,"comment_status":"closed","ping_status":"open","sticky":false,"template":"","format":"standard","meta":{"_lmt_disableupdate":"","_lmt_disable":"","_jetpack_memberships_contains_paid_content":false,"footnotes":""},"categories":[109,46],"tags":[3435],"class_list":["post-77725","post","type-post","status-publish","format-standard","has-post-thumbnail","hentry","category-minuto-a-minuto","category-zona-blanca","tag-consejeria-juridica-gobierno-del-estado"],"jetpack_featured_media_url":"https:\/\/zonaroja.com.mx\/wp-content\/uploads\/2025\/02\/Geovany-Vasquez-Sagrero.jpg","jetpack_sharing_enabled":true,"_links":{"self":[{"href":"https:\/\/zonaroja.com.mx\/index.php?rest_route=\/wp\/v2\/posts\/77725","targetHints":{"allow":["GET"]}}],"collection":[{"href":"https:\/\/zonaroja.com.mx\/index.php?rest_route=\/wp\/v2\/posts"}],"about":[{"href":"https:\/\/zonaroja.com.mx\/index.php?rest_route=\/wp\/v2\/types\/post"}],"author":[{"embeddable":true,"href":"https:\/\/zonaroja.com.mx\/index.php?rest_route=\/wp\/v2\/users\/2"}],"replies":[{"embeddable":true,"href":"https:\/\/zonaroja.com.mx\/index.php?rest_route=%2Fwp%2Fv2%2Fcomments&post=77725"}],"version-history":[{"count":1,"href":"https:\/\/zonaroja.com.mx\/index.php?rest_route=\/wp\/v2\/posts\/77725\/revisions"}],"predecessor-version":[{"id":77727,"href":"https:\/\/zonaroja.com.mx\/index.php?rest_route=\/wp\/v2\/posts\/77725\/revisions\/77727"}],"wp:featuredmedia":[{"embeddable":true,"href":"https:\/\/zonaroja.com.mx\/index.php?rest_route=\/wp\/v2\/media\/77726"}],"wp:attachment":[{"href":"https:\/\/zonaroja.com.mx\/index.php?rest_route=%2Fwp%2Fv2%2Fmedia&parent=77725"}],"wp:term":[{"taxonomy":"category","embeddable":true,"href":"https:\/\/zonaroja.com.mx\/index.php?rest_route=%2Fwp%2Fv2%2Fcategories&post=77725"},{"taxonomy":"post_tag","embeddable":true,"href":"https:\/\/zonaroja.com.mx\/index.php?rest_route=%2Fwp%2Fv2%2Ftags&post=77725"}],"curies":[{"name":"wp","href":"https:\/\/api.w.org\/{rel}","templated":true}]}}