{"id":77728,"date":"2025-02-21T08:15:00","date_gmt":"2025-02-21T14:15:00","guid":{"rendered":"https:\/\/zonaroja.com.mx\/?p=77728"},"modified":"2025-02-21T07:11:08","modified_gmt":"2025-02-21T13:11:08","slug":"rechaza-seccion-22-reformas-de-sheinbaum-exige-tambien-uniformes","status":"publish","type":"post","link":"https:\/\/zonaroja.com.mx\/?p=77728","title":{"rendered":"Rechaza Secci\u00f3n 22 reformas de Sheinbaum; exige tambi\u00e9n uniformes"},"content":{"rendered":"\n<p>Ismael Garc\u00eda M.\/Zona Roja. Foto: Archivo.<\/p>\n\n\n\n<p>Oaxaca de Ju\u00e1rez, Oax., a 21 de febrero de 2023.- Por considerar que son lesivas para los trabajadores del Estado, la Secci\u00f3n 22 del Sindicato Nacional de Trabajadores de la Educaci\u00f3n rechaz\u00f3 la iniciativa de reforma a a la Ley del ISSSTE propuesta por la Presidenta Claudia Sheinbaum.<\/p>\n\n\n\n<p>La propuesta fue enviada el pasado 7 de febrero a la C\u00e1mara de Diputados federal y refiere diversas modificaciones a la norma establecida en el 2007; plantea supuestamente el fortalecimiento del financiamiento de la instituci\u00f3n y el derecho a la vivienda para los trabajadores al servicio del Estado.<\/p>\n\n\n\n<p>Expone adem\u00e1s que en el nuevo esquema de aportaciones al ISSSTE, habr\u00e1 un aumento a las cuotas calculadas seg\u00fan el salario \u00edntegro.&nbsp;<\/p>\n\n\n\n<p>\u201cLa iniciativa en cuesti\u00f3n no considera los planteamientos de fondo presentados por la CNTE (Coordinadora Nacional de Trabajadores de la Educaci\u00f3n) al entonces Presidente Andr\u00e9s Manuel L\u00f3pez Obrador y a la actual mandataria Claudia Sheinbaum Pardo.<\/p>\n\n\n\n<p>\u201cLa CNTE ha planteado en las diversas mesas realizadas con representantes del Ejecutivo, las cr\u00edticas necesarias que han demostrado que la actual Ley del ISSSTE es lesiva y vulnera los derechos laborales de los derechohabientes, al incorporarlos a un r\u00e9gimen de cuentas individuales y establecer una tabla de edades progresivas para la jubilaci\u00f3n y acceder a una pensi\u00f3n\u201d, reproch\u00f3.&nbsp;<\/p>\n\n\n\n<p>Indic\u00f3 que la ley actual abrog\u00f3 el beneficio que permit\u00eda jubilarse a las mujeres con 28 a\u00f1os, 6 meses y 1 d\u00eda de servicio; y a los hombres con 29 a\u00f1os, 6 meses y 1 d\u00eda.&nbsp;<\/p>\n\n\n\n<p>Sustituy\u00f3 el r\u00e9gimen de pensiones solidarias por uno de aportaciones definidas mediante las Afores que no resolvi\u00f3 los problemas fundamentales del sistema, sino que favoreci\u00f3 a las instituciones bancarias.&nbsp;<\/p>\n\n\n\n<p>\u201cEn este sentido, el r\u00e9gimen actual pauperiza las jubilaciones y pensiones poniendo en la incertidumbre laboral a los trabajadores de la educaci\u00f3n y dem\u00e1s derechohabientes\u201d.<\/p>\n\n\n\n<p>Ante ello, la Secci\u00f3n 22 hizo un llamado a todos los sectores, as\u00ed como a todos los contingentes de la CNTE a mantener la unidad y la exigencia de la abrogaci\u00f3n total de la Ley del ISSSTE 2007, \u201cdeclar\u00e1ndonos en \u00a1alerta m\u00e1xima!, para impedir un albazo en la C\u00e1mara de Diputados que imponga estas reformas anti laborales-neoliberales.<\/p>\n\n\n\n<p>EXIGEN UNIFORMES<\/p>\n\n\n\n<p>Por otra parte, en otro comunicado, el magisterio exigi\u00f3 la dotaci\u00f3n de informes y \u00fatiles escolares para alumnos del nivel b\u00e1sico, pactados con anterioridad y confirmado el pasado 30 de enero, con la presencia del titular de la SEP, Mario Delgado.<\/p>\n\n\n\n<p>En el m\u00e1s reciente acuerdo, se pact\u00f3 que la distribuci\u00f3n ser\u00eda el 24 de febrero del presente a\u00f1o. \u201cSin embargo, el Gobierno del Estado solo garantiza la entrega de 20 mil uniformes, sin dar certeza de la continuidad de entrega al resto de los estudiantes\u201d.<\/p>\n\n\n\n<p>Ante la falta de seriedad de los gobiernos estatal y federal al cumplimiento de entrega de los uniformes escolares, la Secci\u00f3n 22 exigi\u00f3 a Mario Delgado Carillo, titular de la SEP; a Salom\u00f3n Jara Cruz, Gobernador del Estado, y a Emilio Montero P\u00e9rez, director del IEEPO, la entrega inmediata de uniformes a las y los estudiantes de las m\u00e1s de 11 600 escuelas.<\/p>\n\n\n\n<p>\u201cManifestamos que no permitiremos m\u00e1s dilaci\u00f3n en el cumplimiento a dicho acuerdo y hacemos el llamado a nuestros compa\u00f1eros que conformamos la Secci\u00f3n 22 a estar atentos, ya que nos declaramos en alerta m\u00e1xima y nos reservamos el derecho de accionar al no tener certeza de la entrega inmediata de uniformes y \u00fatiles escolares\u201d.<\/p>\n","protected":false},"excerpt":{"rendered":"<p>Ismael Garc\u00eda M.\/Zona Roja. Foto: Archivo. Oaxaca de Ju\u00e1rez, Oax., a 21 de febrero de&hellip;<\/p>\n","protected":false},"author":2,"featured_media":77148,"comment_status":"closed","ping_status":"open","sticky":false,"template":"","format":"standard","meta":{"_lmt_disableupdate":"","_lmt_disable":"","_jetpack_memberships_contains_paid_content":false,"footnotes":""},"categories":[109,47],"tags":[312],"class_list":["post-77728","post","type-post","status-publish","format-standard","has-post-thumbnail","hentry","category-minuto-a-minuto","category-zona-gris","tag-seccion-22-del-snte"],"jetpack_featured_media_url":"https:\/\/zonaroja.com.mx\/wp-content\/uploads\/2025\/02\/Mitin-Seccion-22-del-SNTE.jpg","jetpack_sharing_enabled":true,"_links":{"self":[{"href":"https:\/\/zonaroja.com.mx\/index.php?rest_route=\/wp\/v2\/posts\/77728","targetHints":{"allow":["GET"]}}],"collection":[{"href":"https:\/\/zonaroja.com.mx\/index.php?rest_route=\/wp\/v2\/posts"}],"about":[{"href":"https:\/\/zonaroja.com.mx\/index.php?rest_route=\/wp\/v2\/types\/post"}],"author":[{"embeddable":true,"href":"https:\/\/zonaroja.com.mx\/index.php?rest_route=\/wp\/v2\/users\/2"}],"replies":[{"embeddable":true,"href":"https:\/\/zonaroja.com.mx\/index.php?rest_route=%2Fwp%2Fv2%2Fcomments&post=77728"}],"version-history":[{"count":1,"href":"https:\/\/zonaroja.com.mx\/index.php?rest_route=\/wp\/v2\/posts\/77728\/revisions"}],"predecessor-version":[{"id":77729,"href":"https:\/\/zonaroja.com.mx\/index.php?rest_route=\/wp\/v2\/posts\/77728\/revisions\/77729"}],"wp:featuredmedia":[{"embeddable":true,"href":"https:\/\/zonaroja.com.mx\/index.php?rest_route=\/wp\/v2\/media\/77148"}],"wp:attachment":[{"href":"https:\/\/zonaroja.com.mx\/index.php?rest_route=%2Fwp%2Fv2%2Fmedia&parent=77728"}],"wp:term":[{"taxonomy":"category","embeddable":true,"href":"https:\/\/zonaroja.com.mx\/index.php?rest_route=%2Fwp%2Fv2%2Fcategories&post=77728"},{"taxonomy":"post_tag","embeddable":true,"href":"https:\/\/zonaroja.com.mx\/index.php?rest_route=%2Fwp%2Fv2%2Ftags&post=77728"}],"curies":[{"name":"wp","href":"https:\/\/api.w.org\/{rel}","templated":true}]}}