{"id":7773,"date":"2020-01-17T13:52:32","date_gmt":"2020-01-17T19:52:32","guid":{"rendered":"https:\/\/www.zonaroja.com.mx\/?p=7773"},"modified":"2020-01-17T13:52:35","modified_gmt":"2020-01-17T19:52:35","slug":"confirma-fiscalia-acoso-contra-la-familia-de-vera-carrizal-recurre-a-la-interpol-para-hallarlo","status":"publish","type":"post","link":"https:\/\/zonaroja.com.mx\/?p=7773","title":{"rendered":"Confirma Fiscal\u00eda acoso contra la familia de Vera Carrizal; recurre a la Interpol para hallarlo"},"content":{"rendered":"\n<p>Evlin Arag\u00f3n\/Zona Roja.<\/p>\n\n\n\n<p>Oaxaca de Ju\u00e1rez, Oax.-, 17 de enero de 2020.- \u201cNo hay intento de secuestro, sin embargo s\u00ed existe una denuncia ante la Fiscal\u00eda General por parte de la hija de este se\u00f1or que asegura ha sufrido alg\u00fan tipo de acoso, lo cual se va a investigar de igual forma\u201d.<\/p>\n\n\n\n<p>As\u00ed respondi\u00f3 hoy en entrevista el fiscal Rub\u00e9n Vasconcelos M\u00e9ndez, tras los se\u00f1alamientos de la familia de Juan Antonio Vera Carrizal, acusado de ser el autor intelectual del ataque con \u00e1cido de la joven Mar\u00eda Elena R\u00edos Ortiz.<\/p>\n\n\n\n<p>Despu\u00e9s de varios d\u00edas de darse a conocer en los medios de comunicaci\u00f3n la orden de aprehensi\u00f3n en contra del empresario y ex diputado local, el fiscal dio declaraciones al respecto en las que reconoci\u00f3 que existen denuncias por parte de la familia en torno al acoso del que est\u00e1n siendo v\u00edctimas. <\/p>\n\n\n\n<p>Expuso que tiene contacto tanto con la familia de Mar\u00eda Elena como del empresario gasolinero, esta \u00faltima le ha referido una serie de acciones que califican de acoso, hostigamiento e incluso de linchamiento medi\u00e1tico, que est\u00e1 siendo investigado por la dependencia a su cargo.<\/p>\n\n\n\n<p>Neg\u00f3 que exista un intento de secuestro, al menos no denunciado ante las autoridades, como hiciera referencia en un carta esta ma\u00f1ana Soledad Hern\u00e1ndez Garc\u00eda, esposa del empresario y ex diputado local Juan Antonio Vera Carrizal, quien deslind\u00f3 a su familia del ataque en contra de la joven saxofonista.<\/p>\n\n\n\n<p>En el caso del hermetismo con el que se ha manejado la orden de aprehensi\u00f3n y la presunta fuga del empresario, Vasconcelos M\u00e9ndez detall\u00f3 que la Fiscal\u00eda no puede difundir ese tipo de informaci\u00f3n porque se pone en alerta a las personas, lo cual como en este caso resulta contraproducente para el proceso penal que se pretende concretar.<\/p>\n\n\n\n<p>\u201cNo es que yo no quiera dar informaci\u00f3n relacionada contra quien tenemos orden de aprehensi\u00f3n, pero tenemos que lograr su captura y al dar los nombres de las personas que tienen orden de aprehensi\u00f3n se puede propiciar la fuga, nosotros nunca podemos dar ese tipo de informaci\u00f3n en este caso, ni en ning\u00fan otro\u201d, dijo.<\/p>\n\n\n\n<p>Vasconcelos M\u00e9ndez detall\u00f3 que de acuerdo con procedimiento, solicitar\u00e1n la ayuda tanto de la Organizaci\u00f3n Internacional de Polic\u00eda Criminal (Interpol), como de las fiscal\u00edas de todos los estados de la Rep\u00fablica, tal y como lo establecen los procedimientos a fin de dar con el paradero del indiciado como autor intelectual del ataque contra Mar\u00eda Elena, caso que puso a la entidad oaxaque\u00f1a en el ojo medi\u00e1tico a nivel local, nacional e incluso internacional.<br><\/p>\n","protected":false},"excerpt":{"rendered":"<p>Evlin Arag\u00f3n\/Zona Roja. Oaxaca de Ju\u00e1rez, Oax.-, 17 de enero de 2020.- \u201cNo hay intento&hellip;<\/p>\n","protected":false},"author":2,"featured_media":7772,"comment_status":"closed","ping_status":"open","sticky":false,"template":"","format":"standard","meta":{"_lmt_disableupdate":"","_lmt_disable":"","_jetpack_memberships_contains_paid_content":false,"footnotes":""},"categories":[109,47],"tags":[1144,1124],"class_list":["post-7773","post","type-post","status-publish","format-standard","has-post-thumbnail","hentry","category-minuto-a-minuto","category-zona-gris","tag-juan-antonio-vera-carrizal","tag-maria-elena-rios-ortiz"],"jetpack_featured_media_url":"https:\/\/zonaroja.com.mx\/wp-content\/uploads\/2020\/01\/ezy-watermark_17-01-2020_01-41-35p.m..jpg","jetpack_sharing_enabled":true,"_links":{"self":[{"href":"https:\/\/zonaroja.com.mx\/index.php?rest_route=\/wp\/v2\/posts\/7773","targetHints":{"allow":["GET"]}}],"collection":[{"href":"https:\/\/zonaroja.com.mx\/index.php?rest_route=\/wp\/v2\/posts"}],"about":[{"href":"https:\/\/zonaroja.com.mx\/index.php?rest_route=\/wp\/v2\/types\/post"}],"author":[{"embeddable":true,"href":"https:\/\/zonaroja.com.mx\/index.php?rest_route=\/wp\/v2\/users\/2"}],"replies":[{"embeddable":true,"href":"https:\/\/zonaroja.com.mx\/index.php?rest_route=%2Fwp%2Fv2%2Fcomments&post=7773"}],"version-history":[{"count":1,"href":"https:\/\/zonaroja.com.mx\/index.php?rest_route=\/wp\/v2\/posts\/7773\/revisions"}],"predecessor-version":[{"id":7774,"href":"https:\/\/zonaroja.com.mx\/index.php?rest_route=\/wp\/v2\/posts\/7773\/revisions\/7774"}],"wp:featuredmedia":[{"embeddable":true,"href":"https:\/\/zonaroja.com.mx\/index.php?rest_route=\/wp\/v2\/media\/7772"}],"wp:attachment":[{"href":"https:\/\/zonaroja.com.mx\/index.php?rest_route=%2Fwp%2Fv2%2Fmedia&parent=7773"}],"wp:term":[{"taxonomy":"category","embeddable":true,"href":"https:\/\/zonaroja.com.mx\/index.php?rest_route=%2Fwp%2Fv2%2Fcategories&post=7773"},{"taxonomy":"post_tag","embeddable":true,"href":"https:\/\/zonaroja.com.mx\/index.php?rest_route=%2Fwp%2Fv2%2Ftags&post=7773"}],"curies":[{"name":"wp","href":"https:\/\/api.w.org\/{rel}","templated":true}]}}