{"id":77730,"date":"2025-02-21T09:11:00","date_gmt":"2025-02-21T15:11:00","guid":{"rendered":"https:\/\/zonaroja.com.mx\/?p=77730"},"modified":"2025-02-21T07:32:58","modified_gmt":"2025-02-21T13:32:58","slug":"muere-en-miahuatlan-individuo-baleado-otro-asesinato-en-pinotepa","status":"publish","type":"post","link":"https:\/\/zonaroja.com.mx\/?p=77730","title":{"rendered":"Muere en Miahuatl\u00e1n individuo baleado; otro asesinato en Pinotepa"},"content":{"rendered":"\n<p>Raymundo Morales\/Zona Roja.<\/p>\n\n\n\n<p>Oaxaca de Ju\u00e1rez, Oax., a 21 de febrero de 2025.- Una persona del sexo masculino atacada a balazos en San Andr\u00e9s Paxtl\u00e1n muri\u00f3 anoche en Miahuatl\u00e1n de Porfirio D\u00edaz.<\/p>\n\n\n\n<p>De acuerdo con los primeros reportes, en el primer municipio, en la regi\u00f3n Sierra Sur de Oaxaca, fue baleado un joven de entre 22 a 25 a\u00f1os de edad, por sujetos desconocidos.<\/p>\n\n\n\n<p>Tras ello, sus familiares lo trasladaron en un veh\u00edculo particular a la cabecera de Miahuatl\u00e1n, con la finalidad de que recibiera atenci\u00f3n en el hospital del IMSS-Bienestar.<\/p>\n\n\n\n<p>Sin embargo, perdi\u00f3 la vida cuando la unidad llegaba a la calle Palma de la colonia de &nbsp;San Juan Bosco, por lo cual arrib\u00f3 personal ministerial con la finalidad de iniciar las indagatorias correspondientes.<\/p>\n\n\n\n<p>Por otra parte, la Vicefiscal\u00eda Regional de la Costa indaga el asesinato de un adulto mayor en la comunidad de El Ciruelo, perteneciente al municipio de Santiago Pinotepa Nacional.<\/p>\n\n\n\n<p>El crimen se perpetro el pasado mi\u00e9rcoles en una vialidad de la colonia El Tamarindo, donde acribillaron a quien fue identificado con las iniciales R. V. D, de aproximadamente 70 a\u00f1os de edad.<\/p>\n\n\n\n<p>Hasta el momento se desconoce qui\u00e9n o qui\u00e9nes lo privaron de la vida, as\u00ed como los motivos para cometer el crimen.<\/p>\n","protected":false},"excerpt":{"rendered":"<p>Raymundo Morales\/Zona Roja. Oaxaca de Ju\u00e1rez, Oax., a 21 de febrero de 2025.- Una persona&hellip;<\/p>\n","protected":false},"author":2,"featured_media":69341,"comment_status":"closed","ping_status":"open","sticky":false,"template":"","format":"standard","meta":{"_lmt_disableupdate":"","_lmt_disable":"","_jetpack_memberships_contains_paid_content":false,"footnotes":""},"categories":[109,51],"tags":[4224],"class_list":["post-77730","post","type-post","status-publish","format-standard","has-post-thumbnail","hentry","category-minuto-a-minuto","category-zona-roja","tag-san-andres-paxtlan"],"jetpack_featured_media_url":"https:\/\/zonaroja.com.mx\/wp-content\/uploads\/2024\/06\/Escena-ejecucion-crimen-homicidio.jpg","jetpack_sharing_enabled":true,"_links":{"self":[{"href":"https:\/\/zonaroja.com.mx\/index.php?rest_route=\/wp\/v2\/posts\/77730","targetHints":{"allow":["GET"]}}],"collection":[{"href":"https:\/\/zonaroja.com.mx\/index.php?rest_route=\/wp\/v2\/posts"}],"about":[{"href":"https:\/\/zonaroja.com.mx\/index.php?rest_route=\/wp\/v2\/types\/post"}],"author":[{"embeddable":true,"href":"https:\/\/zonaroja.com.mx\/index.php?rest_route=\/wp\/v2\/users\/2"}],"replies":[{"embeddable":true,"href":"https:\/\/zonaroja.com.mx\/index.php?rest_route=%2Fwp%2Fv2%2Fcomments&post=77730"}],"version-history":[{"count":1,"href":"https:\/\/zonaroja.com.mx\/index.php?rest_route=\/wp\/v2\/posts\/77730\/revisions"}],"predecessor-version":[{"id":77731,"href":"https:\/\/zonaroja.com.mx\/index.php?rest_route=\/wp\/v2\/posts\/77730\/revisions\/77731"}],"wp:featuredmedia":[{"embeddable":true,"href":"https:\/\/zonaroja.com.mx\/index.php?rest_route=\/wp\/v2\/media\/69341"}],"wp:attachment":[{"href":"https:\/\/zonaroja.com.mx\/index.php?rest_route=%2Fwp%2Fv2%2Fmedia&parent=77730"}],"wp:term":[{"taxonomy":"category","embeddable":true,"href":"https:\/\/zonaroja.com.mx\/index.php?rest_route=%2Fwp%2Fv2%2Fcategories&post=77730"},{"taxonomy":"post_tag","embeddable":true,"href":"https:\/\/zonaroja.com.mx\/index.php?rest_route=%2Fwp%2Fv2%2Ftags&post=77730"}],"curies":[{"name":"wp","href":"https:\/\/api.w.org\/{rel}","templated":true}]}}