{"id":77732,"date":"2025-02-21T11:15:00","date_gmt":"2025-02-21T17:15:00","guid":{"rendered":"https:\/\/zonaroja.com.mx\/?p=77732"},"modified":"2025-02-21T08:00:21","modified_gmt":"2025-02-21T14:00:21","slug":"acumula-fiscalia-tres-cateos-en-oaxaca-contra-narcomenudistas-y-homicidas","status":"publish","type":"post","link":"https:\/\/zonaroja.com.mx\/?p=77732","title":{"rendered":"Acumula Fiscal\u00eda tres cateos en Oaxaca contra narcomenudistas y homicidas"},"content":{"rendered":"\n<p>Raymundo Morales\/Zona Roja.<\/p>\n\n\n\n<p>Oaxaca de Ju\u00e1rez, Oax., a 21 de febrero de 2025.- Al menos tres cateos ha efectuado en los \u00faltimos d\u00edas la Fiscal\u00eda General del Estado de Oaxaca, con la finalidad de desarticular bandas de narcomenudistas y del crimen organizado.<\/p>\n\n\n\n<p>La m\u00e1s reciente acci\u00f3n se efectu\u00f3 en Santa Mar\u00eda Mixtequilla, municipio de la regi\u00f3n del Istmo de Tehuantepec, donde junto con la Guardia Nacional, Ej\u00e9rcito Mexicano y Polic\u00eda Estatal, revis\u00f3 un domicilio en el Barrio Nuevo.<\/p>\n\n\n\n<p>Ah\u00ed hall\u00f3 diversas dosis de droga y asegur\u00f3 dos armas largas y un veh\u00edculo, ademas de detener a una persona, con las iniciales E. E. L. R., de 25 a\u00f1os de edad, quien dijo ser originario de San Blas Atempa.<\/p>\n\n\n\n<p>EN XOXOCOTL\u00c1N<\/p>\n\n\n\n<p>Otro operativo se efectu\u00f3 en un domicilio localizado en un domicilio del fraccionamiento San Ignacio, en el municipio de Santa Cruz Xoxocotl\u00e1n, en la regi\u00f3n de los Valles Centrales, en el cual fue posible la detenci\u00f3n de dos personas identificadas como A.L.C. y J.C.C., por el delito Contra la Salud en agravio de la Sociedad.&nbsp;<\/p>\n\n\n\n<p>Derivado del mandato judicial, los agentes de investigaci\u00f3n lograron la detenci\u00f3n de A.L.C. y J.C.C., adem\u00e1s que decomisaron diversas dosis de metanfetamina o cristal; ambas personas fueron puestas a disposici\u00f3n de la autoridad competente por el delito contra la salud.<\/p>\n\n\n\n<p>EN USILA<\/p>\n\n\n\n<p>Otra incursi\u00f3n ministerial y policiaca se efectu\u00f3 en un domicilio de San Felipe Usila, en la regi\u00f3n de la Cuenca del Papaloapan, con el objetivo de dar cumplimiento a una orden de aprehensi\u00f3n en contra de una persona identificada como A.M.F., por el delito de homicidio calificado con ventaja en agravio de H.G.V.<\/p>\n\n\n\n<p>De acuerdo con el expediente penal, los hechos ocurrieron el 25 de septiembre de 2024, cuando la v\u00edctima se encontraba en un establecimiento ubicado en el municipio de San Felipe Usila, a donde llegaron sus agresores, quienes lo agredieron con una navaja, caus\u00e1ndole lesiones en diferentes partes del cuerpo que provocaron su muerte.<\/p>\n\n\n\n<p>Ante los hechos, la Fiscal\u00eda de Oaxaca inici\u00f3 las investigaciones que quedaron a cargo de la Vicefiscal\u00eda Regional de la Cuenca, las cuales permitieron obtener una orden de aprehensi\u00f3n en contra de A.M.F., la cual fue ejecutada por Agentes Estatales de investigaci\u00f3n, en un domicilio ubicado en el municipio de San Felipe Usila, perteneciente al distrito de Tuxtepec.<\/p>\n","protected":false},"excerpt":{"rendered":"<p>Raymundo Morales\/Zona Roja. Oaxaca de Ju\u00e1rez, Oax., a 21 de febrero de 2025.- Al menos&hellip;<\/p>\n","protected":false},"author":2,"featured_media":77734,"comment_status":"closed","ping_status":"open","sticky":false,"template":"","format":"standard","meta":{"_lmt_disableupdate":"","_lmt_disable":"","_jetpack_memberships_contains_paid_content":false,"footnotes":""},"categories":[109,46],"tags":[494],"class_list":["post-77732","post","type-post","status-publish","format-standard","has-post-thumbnail","hentry","category-minuto-a-minuto","category-zona-blanca","tag-fiscalia-general-del-estado-de-oaxaca"],"jetpack_featured_media_url":"https:\/\/zonaroja.com.mx\/wp-content\/uploads\/2025\/02\/Cateo-decomiso-droga-Mixtequilla.jpg","jetpack_sharing_enabled":true,"_links":{"self":[{"href":"https:\/\/zonaroja.com.mx\/index.php?rest_route=\/wp\/v2\/posts\/77732","targetHints":{"allow":["GET"]}}],"collection":[{"href":"https:\/\/zonaroja.com.mx\/index.php?rest_route=\/wp\/v2\/posts"}],"about":[{"href":"https:\/\/zonaroja.com.mx\/index.php?rest_route=\/wp\/v2\/types\/post"}],"author":[{"embeddable":true,"href":"https:\/\/zonaroja.com.mx\/index.php?rest_route=\/wp\/v2\/users\/2"}],"replies":[{"embeddable":true,"href":"https:\/\/zonaroja.com.mx\/index.php?rest_route=%2Fwp%2Fv2%2Fcomments&post=77732"}],"version-history":[{"count":1,"href":"https:\/\/zonaroja.com.mx\/index.php?rest_route=\/wp\/v2\/posts\/77732\/revisions"}],"predecessor-version":[{"id":77735,"href":"https:\/\/zonaroja.com.mx\/index.php?rest_route=\/wp\/v2\/posts\/77732\/revisions\/77735"}],"wp:featuredmedia":[{"embeddable":true,"href":"https:\/\/zonaroja.com.mx\/index.php?rest_route=\/wp\/v2\/media\/77734"}],"wp:attachment":[{"href":"https:\/\/zonaroja.com.mx\/index.php?rest_route=%2Fwp%2Fv2%2Fmedia&parent=77732"}],"wp:term":[{"taxonomy":"category","embeddable":true,"href":"https:\/\/zonaroja.com.mx\/index.php?rest_route=%2Fwp%2Fv2%2Fcategories&post=77732"},{"taxonomy":"post_tag","embeddable":true,"href":"https:\/\/zonaroja.com.mx\/index.php?rest_route=%2Fwp%2Fv2%2Ftags&post=77732"}],"curies":[{"name":"wp","href":"https:\/\/api.w.org\/{rel}","templated":true}]}}