{"id":77736,"date":"2025-02-21T10:30:00","date_gmt":"2025-02-21T16:30:00","guid":{"rendered":"https:\/\/zonaroja.com.mx\/?p=77736"},"modified":"2025-02-21T08:09:42","modified_gmt":"2025-02-21T14:09:42","slug":"tras-presiones-de-eu-mexico-intensifica-caceria-de-capos-del-narcotrafico","status":"publish","type":"post","link":"https:\/\/zonaroja.com.mx\/?p=77736","title":{"rendered":"Tras presiones de EU, M\u00e9xico intensifica cacer\u00eda de capos del narcotr\u00e1fico"},"content":{"rendered":"\n<p>Redacci\u00f3n\/Zona Roja Cdmx.<\/p>\n\n\n\n<p>Ciudad de M\u00e9xico, a 21 de febrero de 2025.- El gobierno de la presidenta Claudia Sheinbaum mantiene operativos permanentes en Sinaloa con el objetivo de detener a las principales l\u00edderes criminales que operan en ese estado, entre ellos los hijos de Joaqu\u00edn \u2018El Chapo\u2019 Guzm\u00e1n.<\/p>\n\n\n\n<p>Autoridades federales se\u00f1alaron que hay prioridad sobre Iv\u00e1n Archivaldo Guzm\u00e1n, cabeza de la facci\u00f3n del C\u00e1rtel de Sinaloa conocida como \u2018Los Chapitos\u2019.<\/p>\n\n\n\n<p>Y es que ese grupo mantiene una narcoguerra contra \u2018La Mayiza\u2019, que dirige Ismael Zambada Siqueiros, \u2018El Mayito Flaco\u2018, hijo Ismael \u2018El Mayo\u2019 Zambada, que desde el 9 de septiembre de 2024, ha dejado m\u00e1s de 900 personas asesinadas y m\u00e1s de mil secuestradas.<\/p>\n\n\n\n<p>Como parte de las acciones para frenar esa ola de violencia y cercar a \u2018Los Chapitos\u2019, el gobierno federal ha implementado una serie de operativos que se intensificaron en las \u00faltimas horas y permitieron la detenci\u00f3n de dos de los principales operadores de Iv\u00e1n Archivaldo.<\/p>\n\n\n\n<p>Se trata de Jos\u00e9 \u00c1ngel Canobbio Inzunza, \u2018El G\u00fcerito\u2018, jefe financiero de \u2018Los Chapitos\u2019, y Kevin Alonso Gil Acosta, \u2018El 200\u2018, jefe de seguridad de Iv\u00e1n Archivaldo.<\/p>\n\n\n\n<p>Una versi\u00f3n period\u00edstica asegura que en los operativos contra estos hombres, realizados por separado, las fuerzas federales estuvieron a punto de detener a Iv\u00e1n Archivaldo, quien habr\u00eda huido por las alcantarillas y estar\u00eda herido, versi\u00f3n que no ha sido confirmada.<\/p>\n\n\n\n<p>Canobbio y Gil son pieza clave en la estructura de \u2018Los Chapitos\u2019, principalmente en las operaciones de tr\u00e1fico internacional de coca\u00edna, metanfetamina y fentanilo.<\/p>\n\n\n\n<p>El G\u00fcerito es identificado como el tercero al mando en la estructura criminal de esa facci\u00f3n. Era el operador financiero, se encargaba de operaciones de seguridad, planeaci\u00f3n de rutas de narcotr\u00e1fico y redes de distribuci\u00f3n de fentanilo.<\/p>\n\n\n\n<p>Operaba con su propia c\u00e9lula criminal, con la cual ordenaba ataques a instalaciones militares y elementos de las fuerzas federales; fue uno de los actores principales del Culiacanazo, en octubre de 2019.<\/p>\n\n\n\n<p>En tanto, \u2018El 200\u2032, detenido junto con sus t\u00edos Gustavo y Alonso Acosta, es identificado como jefe de seguridad de Iv\u00e1n Archivaldo; coordinaba la compra de armamento y municiones para \u2018Los Chapitos\u2019.<\/p>\n\n\n\n<p>Adem\u00e1s, organizaba a las fuerzas de reacci\u00f3n para confrontar a grupos antag\u00f3nicos o autoridades federales. Tambi\u00e9n particip\u00f3 en el Culiacanazo. Canobbio Inzunza y Gil Acosta est\u00e1n en la FGR, en la Ciudad de M\u00e9xico.<\/p>\n\n\n\n<p>(Informaci\u00f3n de \u201cEl Financiero\u201d)<\/p>\n","protected":false},"excerpt":{"rendered":"<p>Redacci\u00f3n\/Zona Roja Cdmx. Ciudad de M\u00e9xico, a 21 de febrero de 2025.- El gobierno de&hellip;<\/p>\n","protected":false},"author":2,"featured_media":77737,"comment_status":"closed","ping_status":"open","sticky":false,"template":"","format":"standard","meta":{"_lmt_disableupdate":"","_lmt_disable":"","_jetpack_memberships_contains_paid_content":false,"footnotes":""},"categories":[109,47],"tags":[4225],"class_list":["post-77736","post","type-post","status-publish","format-standard","has-post-thumbnail","hentry","category-minuto-a-minuto","category-zona-gris","tag-ivan-archibaldo-guzman"],"jetpack_featured_media_url":"https:\/\/zonaroja.com.mx\/wp-content\/uploads\/2025\/02\/Ivan-Archibaldo-Guzman.jpg","jetpack_sharing_enabled":true,"_links":{"self":[{"href":"https:\/\/zonaroja.com.mx\/index.php?rest_route=\/wp\/v2\/posts\/77736","targetHints":{"allow":["GET"]}}],"collection":[{"href":"https:\/\/zonaroja.com.mx\/index.php?rest_route=\/wp\/v2\/posts"}],"about":[{"href":"https:\/\/zonaroja.com.mx\/index.php?rest_route=\/wp\/v2\/types\/post"}],"author":[{"embeddable":true,"href":"https:\/\/zonaroja.com.mx\/index.php?rest_route=\/wp\/v2\/users\/2"}],"replies":[{"embeddable":true,"href":"https:\/\/zonaroja.com.mx\/index.php?rest_route=%2Fwp%2Fv2%2Fcomments&post=77736"}],"version-history":[{"count":1,"href":"https:\/\/zonaroja.com.mx\/index.php?rest_route=\/wp\/v2\/posts\/77736\/revisions"}],"predecessor-version":[{"id":77738,"href":"https:\/\/zonaroja.com.mx\/index.php?rest_route=\/wp\/v2\/posts\/77736\/revisions\/77738"}],"wp:featuredmedia":[{"embeddable":true,"href":"https:\/\/zonaroja.com.mx\/index.php?rest_route=\/wp\/v2\/media\/77737"}],"wp:attachment":[{"href":"https:\/\/zonaroja.com.mx\/index.php?rest_route=%2Fwp%2Fv2%2Fmedia&parent=77736"}],"wp:term":[{"taxonomy":"category","embeddable":true,"href":"https:\/\/zonaroja.com.mx\/index.php?rest_route=%2Fwp%2Fv2%2Fcategories&post=77736"},{"taxonomy":"post_tag","embeddable":true,"href":"https:\/\/zonaroja.com.mx\/index.php?rest_route=%2Fwp%2Fv2%2Ftags&post=77736"}],"curies":[{"name":"wp","href":"https:\/\/api.w.org\/{rel}","templated":true}]}}