{"id":7775,"date":"2020-01-17T16:52:17","date_gmt":"2020-01-17T22:52:17","guid":{"rendered":"http:\/\/www.zonaroja.com.mx\/?p=7775"},"modified":"2020-01-17T16:52:22","modified_gmt":"2020-01-17T22:52:22","slug":"viernes-rojo-ataque-armado-en-jalapa-homicidio-en-ojitlan-y-feminicidio-en-juchitan","status":"publish","type":"post","link":"https:\/\/zonaroja.com.mx\/?p=7775","title":{"rendered":"Viernes rojo: ataque armado en Jalapa; homicidio en Ojitl\u00e1n y feminicidio en Juchit\u00e1n"},"content":{"rendered":"\n<p>Redacci\u00f3n\/Zona\nRoja.<\/p>\n\n\n\n<p>Oaxaca de\nJu\u00e1rez, Oax., 17 de enero de 2020.- La ola de violencia contin\u00faa en Oaxaca y en\nel marco del a visita del Presidente de M\u00e9xico, Andr\u00e9s Manuel L\u00f3pez Obrador, antes\ndel mediod\u00eda fueron asesinadas dos personas en las regiones Istmo y Cuenca,\nadem\u00e1s de un ataque armado en el municipio de Jalapa de D\u00edaz.<\/p>\n\n\n\n<p>A dos d\u00edas\ndel hallazgo de siete fosas clandestinas con restos de 14 personas en San Pedro\nIxcatl\u00e1n, en la regi\u00f3n de la Cuenca, este viernes se registr\u00f3 un ataque armado\nen el municipio de Jalapa de D\u00edaz, que cobr\u00f3 la vida de un var\u00f3n.<\/p>\n\n\n\n<p>El reporte\nde seguridad detalla que el hecho se registr\u00f3 cerca de las 15:00 horas en el\ncentro de la poblaci\u00f3n, donde presuntamente tambi\u00e9n perdieron la vida otras\npersonas, situaci\u00f3n que hasta el momento las autorizadas estatales han\nconfirmado.<\/p>\n\n\n\n<p>La v\u00edctima\nfue identificada de manera preliminar como Israel Rangel Alberto.<\/p>\n\n\n\n<p>En tanto, en San Pedro Ixcatl\u00e1n se report\u00f3 otro enfrentamiento armado, con saldo preliminar de dos mujeres asesinadas, lo cual no ha sido confirmado por corporaciones de seguridad p\u00fablica.<\/p>\n\n\n\n<figure class=\"wp-block-embed-twitter wp-block-embed is-type-rich is-provider-twitter\"><div class=\"wp-block-embed__wrapper\">\n<div class=\"twitter-tweet\"><blockquote class=\"twitter-tweet\" data-lang=\"es\"><p lang=\"es\" dir=\"ltr\"><a href=\"https:\/\/twitter.com\/hashtag\/OaxacaRojo?src=hash&amp;ref_src=twsrc%5Etfw\">#OaxacaRojo<\/a><br>Grave situaci\u00f3n de violencia en Oaxaca. En primer d\u00eda de visita del Presidente <a href=\"https:\/\/twitter.com\/lopezobrador_?ref_src=twsrc%5Etfw\">@lopezobrador_<\/a>, asesinan a balazos a una mujer en <a href=\"https:\/\/twitter.com\/hashtag\/Juchit%C3%A1n?src=hash&amp;ref_src=twsrc%5Etfw\">#Juchit\u00e1n<\/a> (video de <a href=\"https:\/\/twitter.com\/50_Bravo?ref_src=twsrc%5Etfw\">@50_Bravo<\/a>); un ejecutado en San Lucas Ojitl\u00e1n y m\u00e1s hechos violentos en Ixcatl\u00e1n y Jalapa de D\u00edaz, con saldos fatales. <a href=\"https:\/\/t.co\/ufAGsC6L2g\">pic.twitter.com\/ufAGsC6L2g<\/a><\/p>&mdash; Zona Roja Oaxaca (@MexRoja) <a href=\"https:\/\/twitter.com\/MexRoja\/status\/1218276605249904640?ref_src=twsrc%5Etfw\">17 de enero de 2020<\/a><\/blockquote><\/div>\n<\/div><\/figure>\n\n\n\n<p>MATAN A UNA\nMUJER<\/p>\n\n\n\n<p>En tanto, una\nmujer fue asesinada con proyectil de arma de fuego la ma\u00f1ana de este viernes en\nJuchit\u00e1n de Zaragoza, en el Istmo.<\/p>\n\n\n\n<p>La femenina\nfue ultimada mientras viajaba a bordo de una camioneta sobre la avenida Abasolo,\nentre las calles Guiechachi y Ferrocarril, en la Segunda Secci\u00f3n de ese\nmunicipio, indic\u00f3 el reporte policial.<\/p>\n\n\n\n<p>El ataque\narmado se registr\u00f3 aproximadamente a las 08:00 horas. En la unidad de motor\nviajaban otras dos personas, de las que no se reportan consecuencias mayores.<\/p>\n\n\n\n<p>La v\u00edctima\nfue identificada como Yadira Moya Gir\u00f3n, de 42 a\u00f1os de edad, habitante de\nJuchit\u00e1n.<\/p>\n\n\n\n<p>M\u00c1S\nVIOLENCIA EN CUENCA<\/p>\n\n\n\n<p>En el\nmunicipio de San Lucas Ojitl\u00e1n un hombre muri\u00f3 al ser atacado con un machete.<\/p>\n\n\n\n<p>Elementos\npoliciacos indicaron que el hecho violento se registr\u00f3 en la comunidad de Loma\nSan Bernab\u00e9, Ojitl\u00e1n, la ma\u00f1ana de este viernes.<\/p>\n\n\n\n<p>Sujetos\ndesconocidos por la poblaci\u00f3n llegaron a la comunidad para atacar al hombre,\nque fue identificado como Florencio Z\u00e1rate Agust\u00edn, informaron las autoridades\nde seguridad.<\/p>\n","protected":false},"excerpt":{"rendered":"<p>Redacci\u00f3n\/Zona Roja. Oaxaca de Ju\u00e1rez, Oax., 17 de enero de 2020.- La ola de violencia&hellip;<\/p>\n","protected":false},"author":2,"featured_media":7486,"comment_status":"closed","ping_status":"open","sticky":false,"template":"","format":"standard","meta":{"_lmt_disableupdate":"","_lmt_disable":"","_jetpack_memberships_contains_paid_content":false,"footnotes":""},"categories":[109,51],"tags":[123,580,209],"class_list":["post-7775","post","type-post","status-publish","format-standard","has-post-thumbnail","hentry","category-minuto-a-minuto","category-zona-roja","tag-juchitan-de-zaragoza","tag-san-felipe-jalapa-de-diaz","tag-san-lucas-ojitlan"],"jetpack_featured_media_url":"https:\/\/zonaroja.com.mx\/wp-content\/uploads\/2020\/01\/Escena-del-crimen7.jpg","jetpack_sharing_enabled":true,"_links":{"self":[{"href":"https:\/\/zonaroja.com.mx\/index.php?rest_route=\/wp\/v2\/posts\/7775","targetHints":{"allow":["GET"]}}],"collection":[{"href":"https:\/\/zonaroja.com.mx\/index.php?rest_route=\/wp\/v2\/posts"}],"about":[{"href":"https:\/\/zonaroja.com.mx\/index.php?rest_route=\/wp\/v2\/types\/post"}],"author":[{"embeddable":true,"href":"https:\/\/zonaroja.com.mx\/index.php?rest_route=\/wp\/v2\/users\/2"}],"replies":[{"embeddable":true,"href":"https:\/\/zonaroja.com.mx\/index.php?rest_route=%2Fwp%2Fv2%2Fcomments&post=7775"}],"version-history":[{"count":1,"href":"https:\/\/zonaroja.com.mx\/index.php?rest_route=\/wp\/v2\/posts\/7775\/revisions"}],"predecessor-version":[{"id":7776,"href":"https:\/\/zonaroja.com.mx\/index.php?rest_route=\/wp\/v2\/posts\/7775\/revisions\/7776"}],"wp:featuredmedia":[{"embeddable":true,"href":"https:\/\/zonaroja.com.mx\/index.php?rest_route=\/wp\/v2\/media\/7486"}],"wp:attachment":[{"href":"https:\/\/zonaroja.com.mx\/index.php?rest_route=%2Fwp%2Fv2%2Fmedia&parent=7775"}],"wp:term":[{"taxonomy":"category","embeddable":true,"href":"https:\/\/zonaroja.com.mx\/index.php?rest_route=%2Fwp%2Fv2%2Fcategories&post=7775"},{"taxonomy":"post_tag","embeddable":true,"href":"https:\/\/zonaroja.com.mx\/index.php?rest_route=%2Fwp%2Fv2%2Ftags&post=7775"}],"curies":[{"name":"wp","href":"https:\/\/api.w.org\/{rel}","templated":true}]}}