{"id":77756,"date":"2025-02-21T21:46:45","date_gmt":"2025-02-22T03:46:45","guid":{"rendered":"https:\/\/zonaroja.com.mx\/?p=77756"},"modified":"2025-02-21T21:46:51","modified_gmt":"2025-02-22T03:46:51","slug":"va-de-nuevo-la-seccion-22-a-paro-de-labores-por-ineficiencia-del-ieepo","status":"publish","type":"post","link":"https:\/\/zonaroja.com.mx\/?p=77756","title":{"rendered":"Va de nuevo la Secci\u00f3n 22 a paro de labores, por ineficiencia del IEEPO"},"content":{"rendered":"\n<p>Redacci\u00f3n\/Estado 20.<\/p>\n\n\n\n<p>Oaxaca de Ju\u00e1rez, Oax., a 21 de febrero de 2025.- La dirigencia sindical de la Secci\u00f3n 22 del Sindicato Nacional de Trabajadores de la Educaci\u00f3n (SNTE), anunci\u00f3 un paro de labores la pr\u00f3xima semana en Oaxaca, ante el incumplimiento de la entrega de mobiliario, uniformes y \u00fatiles escolares, de los gobiernos federal y estatal.<\/p>\n\n\n\n<p>En conferencia de prensa, la l\u00edder sindical Yenny Aracely P\u00e9rez Mart\u00ednez, explic\u00f3 que desde el 9 de diciembre de 2024 la presidenta de la rep\u00fablica, Claudia Sheinbaum Pardo en una mesa de di\u00e1logo celebrada en Palacio Nacional, se comprometi\u00f3 a realizar la entrega de los uniformes y \u00fatiles escolares en los primeros d\u00edas de 2025.<\/p>\n\n\n\n<p>Sin embargo, dijo que, al ver que no se cumpl\u00eda con este acuerdo en los primeros meses de 2025, se llev\u00f3 a cabo una mesa de negociaci\u00f3n con el titular de la Secretar\u00eda de Educaci\u00f3n P\u00fablica (SEP), Mario Delgado, y el director del IEEPO, Emilio Montero realizada en el estado de Oaxaca, en el cual se acord\u00f3 que la entrega se realizar\u00eda a m\u00e1s tardar el 24 de febrero de este a\u00f1o.<\/p>\n\n\n\n<p>No obstante, hasta el momento, las autoridades \u00fanicamente garantizan la entrega de 20 mil uniformes escolares, cuando son m\u00e1s de 820 mil estudiantes en toda la entidad; es decir, incumplieron con el 97 por ciento de la entrega.<\/p>\n\n\n\n<p>Por lo anterior, afirmaron que se hace necesario anunciar a las madres y padres de familia que la Secci\u00f3n 22 emprender\u00e1 un paro de labores la siguiente semana.<\/p>\n\n\n\n<p>\u00abResponsabilizamos al gobernador del estado Salom\u00f3n Jara, al director del IEEPO, Emilio Montero, al secretario de educaci\u00f3n P\u00fablica, Mario Delgado, por no cumplir con los acuerdos que se tocaron en las reuniones pasadas\u201d.<\/p>\n\n\n\n<p>Esta movilizaci\u00f3n, agreg\u00f3 P\u00e9rez Mart\u00ednez, tiene como objetivo que tanto el gobierno estatal como el federal de una repuesta inmediata a est\u00e1s peticiones, de lo contrario \u201cser\u00e1n los responsables de que este movimiento salga nuevamente a las calles por el incumplimiento de la dotaci\u00f3n de los uniformes y \u00fatiles escolares.&nbsp;<\/p>\n","protected":false},"excerpt":{"rendered":"<p>Redacci\u00f3n\/Estado 20. Oaxaca de Ju\u00e1rez, Oax., a 21 de febrero de 2025.- La dirigencia sindical&hellip;<\/p>\n","protected":false},"author":2,"featured_media":77757,"comment_status":"closed","ping_status":"open","sticky":false,"template":"","format":"standard","meta":{"_lmt_disableupdate":"","_lmt_disable":"","_jetpack_memberships_contains_paid_content":false,"footnotes":""},"categories":[109,47],"tags":[312],"class_list":["post-77756","post","type-post","status-publish","format-standard","has-post-thumbnail","hentry","category-minuto-a-minuto","category-zona-gris","tag-seccion-22-del-snte"],"jetpack_featured_media_url":"https:\/\/zonaroja.com.mx\/wp-content\/uploads\/2025\/02\/Seccion-22-conferencia.jpg","jetpack_sharing_enabled":true,"_links":{"self":[{"href":"https:\/\/zonaroja.com.mx\/index.php?rest_route=\/wp\/v2\/posts\/77756","targetHints":{"allow":["GET"]}}],"collection":[{"href":"https:\/\/zonaroja.com.mx\/index.php?rest_route=\/wp\/v2\/posts"}],"about":[{"href":"https:\/\/zonaroja.com.mx\/index.php?rest_route=\/wp\/v2\/types\/post"}],"author":[{"embeddable":true,"href":"https:\/\/zonaroja.com.mx\/index.php?rest_route=\/wp\/v2\/users\/2"}],"replies":[{"embeddable":true,"href":"https:\/\/zonaroja.com.mx\/index.php?rest_route=%2Fwp%2Fv2%2Fcomments&post=77756"}],"version-history":[{"count":1,"href":"https:\/\/zonaroja.com.mx\/index.php?rest_route=\/wp\/v2\/posts\/77756\/revisions"}],"predecessor-version":[{"id":77758,"href":"https:\/\/zonaroja.com.mx\/index.php?rest_route=\/wp\/v2\/posts\/77756\/revisions\/77758"}],"wp:featuredmedia":[{"embeddable":true,"href":"https:\/\/zonaroja.com.mx\/index.php?rest_route=\/wp\/v2\/media\/77757"}],"wp:attachment":[{"href":"https:\/\/zonaroja.com.mx\/index.php?rest_route=%2Fwp%2Fv2%2Fmedia&parent=77756"}],"wp:term":[{"taxonomy":"category","embeddable":true,"href":"https:\/\/zonaroja.com.mx\/index.php?rest_route=%2Fwp%2Fv2%2Fcategories&post=77756"},{"taxonomy":"post_tag","embeddable":true,"href":"https:\/\/zonaroja.com.mx\/index.php?rest_route=%2Fwp%2Fv2%2Ftags&post=77756"}],"curies":[{"name":"wp","href":"https:\/\/api.w.org\/{rel}","templated":true}]}}