{"id":77759,"date":"2025-02-22T08:30:00","date_gmt":"2025-02-22T14:30:00","guid":{"rendered":"https:\/\/zonaroja.com.mx\/?p=77759"},"modified":"2025-02-22T06:09:05","modified_gmt":"2025-02-22T12:09:05","slug":"destinan-este-ano-112-mdp-para-fortalecer-la-seguridad-en-la-region-costa","status":"publish","type":"post","link":"https:\/\/zonaroja.com.mx\/?p=77759","title":{"rendered":"Destinan este a\u00f1o 112 mdp para fortalecer la seguridad en la regi\u00f3n Costa"},"content":{"rendered":"\n<p>Redacci\u00f3n\/Zona Roja.&nbsp;<\/p>\n\n\n\n<p>Oaxaca de Ju\u00e1rez, Oax., a 22 de febrero de 2025.- Una inversi\u00f3n de 112 millones de pesos destina el gobierno de Oaxaca este a\u00f1o en la regi\u00f3n de la Cota, para fortalecer las acciones de seguridad y garantizar la paz social.&nbsp;<\/p>\n\n\n\n<p>En conferencia de prensa realizada ayer en Pinotepa Nacional, al concluir la Mesa Regional para la Construcci\u00f3n de la Paz y la Seguridad en Oaxaca, el mandatario Salom\u00f3n Jara Cruz revel\u00f3 que de los 225 millones de pesos que han recibido a trav\u00e9s del Fondo de Aportaciones para el Fortalecimiento de los Municipios (Fortamun), el recurso destinado a la Costa ha beneficiado a sus 28 municipios.<\/p>\n\n\n\n<p>\u201cEstamos revisando los recursos municipales y estatales destinados al fortalecimiento de la seguridad p\u00fablica; as\u00ed como lo relacionado con el fortalecimiento de las polic\u00edas municipales, su capacitaci\u00f3n, certificaci\u00f3n y equipamiento\u201d, dijo, al reiterar el compromiso del gobierno estatal con el bienestar de las y los oaxaque\u00f1os.<\/p>\n\n\n\n<p>Explic\u00f3 que las mesas regionales, como la que encabez\u00f3 por la ma\u00f1ana, son un mecanismo \u00fatil que beneficia el trabajo conjunto de las fuerzas de seguridad federales, estatales y municipales, para atender los ejes fundamentales de las estrategias Nacional y Estatal de Seguridad, que permite establecer paz en los municipios que concentran la mayor cantidad de delitos.<\/p>\n\n\n\n<p>Jara Cruz se\u00f1al\u00f3 que la necesidad de atender, con urgencia, a este municipio, radica en el hecho de que se ubica dentro de los 10 municipios con mayor incidencia delictiva del estado.<\/p>\n\n\n\n<p>\u201cSeguir\u00e9 sosteniendo que este ejercicio regional es \u00fanico en el pa\u00eds y gracias a esa coordinaci\u00f3n y trabajo colectivo, Oaxaca es hoy el quinto estado con menos delitos por cada 100 mil habitantes\u201d, afirm\u00f3.<\/p>\n\n\n\n<p>Detall\u00f3 que esta estrategia se focaliza en cuatro acciones: Atenci\u00f3n a las causas de la violencia, Prevenci\u00f3n del delito, Fortalecimiento de las tareas de inteligencia e investigaci\u00f3n y Mejora la coordinaci\u00f3n entre instituciones y niveles de gobierno.<\/p>\n\n\n\n<p>La mesa regional n\u00famero 12, con sede en la Costa oaxaque\u00f1a, comprende 28 municipios, que presentan caracter\u00edsticas particulares de incidencia delictiva, cuya atenci\u00f3n requiere de un trabajo estrecho con las y los presidentes municipales para el fortalecimiento, capacitaci\u00f3n, certificaci\u00f3n y equipamiento de los polic\u00edas adscritos a estas zonas.<\/p>\n\n\n\n<figure class=\"wp-block-embed is-type-rich is-provider-twitter wp-block-embed-twitter\"><div class=\"wp-block-embed__wrapper\">\n<div class=\"twitter-tweet\"><blockquote class=\"twitter-tweet\" data-lang=\"es\"><p lang=\"es\" dir=\"ltr\">1. Esta ma\u00f1ana en Santiago Pinotepa Nacional, el gobernador <a href=\"https:\/\/twitter.com\/salomonj?ref_src=twsrc%5Etfw\">@salomonj<\/a> ofrece una conferencia de prensa, en que destaca la coordinaci\u00f3n entre los tres niveles de gobierno para fortalecer la seguridad p\u00fablica, as\u00ed como los logros en la materia. <a href=\"https:\/\/t.co\/jYhjpsgGQ2\">pic.twitter.com\/jYhjpsgGQ2<\/a><\/p>&mdash; Zona Roja Oaxaca (@ZonaRoja_Oaxaca) <a href=\"https:\/\/twitter.com\/ZonaRoja_Oaxaca\/status\/1892966124595081300?ref_src=twsrc%5Etfw\">21 de febrero de 2025<\/a><\/blockquote><\/div>\n<\/div><\/figure>\n","protected":false},"excerpt":{"rendered":"<p>Redacci\u00f3n\/Zona Roja.&nbsp; Oaxaca de Ju\u00e1rez, Oax., a 22 de febrero de 2025.- Una inversi\u00f3n de&hellip;<\/p>\n","protected":false},"author":2,"featured_media":77760,"comment_status":"closed","ping_status":"open","sticky":false,"template":"","format":"standard","meta":{"_lmt_disableupdate":"","_lmt_disable":"","_jetpack_memberships_contains_paid_content":false,"footnotes":""},"categories":[109,46],"tags":[939],"class_list":["post-77759","post","type-post","status-publish","format-standard","has-post-thumbnail","hentry","category-minuto-a-minuto","category-zona-blanca","tag-salomon-jara-cruz"],"jetpack_featured_media_url":"https:\/\/zonaroja.com.mx\/wp-content\/uploads\/2025\/02\/Reunion-seguridad-en-la-Costa-Salomon-Jara.jpeg","jetpack_sharing_enabled":true,"_links":{"self":[{"href":"https:\/\/zonaroja.com.mx\/index.php?rest_route=\/wp\/v2\/posts\/77759","targetHints":{"allow":["GET"]}}],"collection":[{"href":"https:\/\/zonaroja.com.mx\/index.php?rest_route=\/wp\/v2\/posts"}],"about":[{"href":"https:\/\/zonaroja.com.mx\/index.php?rest_route=\/wp\/v2\/types\/post"}],"author":[{"embeddable":true,"href":"https:\/\/zonaroja.com.mx\/index.php?rest_route=\/wp\/v2\/users\/2"}],"replies":[{"embeddable":true,"href":"https:\/\/zonaroja.com.mx\/index.php?rest_route=%2Fwp%2Fv2%2Fcomments&post=77759"}],"version-history":[{"count":1,"href":"https:\/\/zonaroja.com.mx\/index.php?rest_route=\/wp\/v2\/posts\/77759\/revisions"}],"predecessor-version":[{"id":77761,"href":"https:\/\/zonaroja.com.mx\/index.php?rest_route=\/wp\/v2\/posts\/77759\/revisions\/77761"}],"wp:featuredmedia":[{"embeddable":true,"href":"https:\/\/zonaroja.com.mx\/index.php?rest_route=\/wp\/v2\/media\/77760"}],"wp:attachment":[{"href":"https:\/\/zonaroja.com.mx\/index.php?rest_route=%2Fwp%2Fv2%2Fmedia&parent=77759"}],"wp:term":[{"taxonomy":"category","embeddable":true,"href":"https:\/\/zonaroja.com.mx\/index.php?rest_route=%2Fwp%2Fv2%2Fcategories&post=77759"},{"taxonomy":"post_tag","embeddable":true,"href":"https:\/\/zonaroja.com.mx\/index.php?rest_route=%2Fwp%2Fv2%2Ftags&post=77759"}],"curies":[{"name":"wp","href":"https:\/\/api.w.org\/{rel}","templated":true}]}}