{"id":77762,"date":"2025-02-22T09:30:00","date_gmt":"2025-02-22T15:30:00","guid":{"rendered":"https:\/\/zonaroja.com.mx\/?p=77762"},"modified":"2025-02-22T06:11:41","modified_gmt":"2025-02-22T12:11:41","slug":"preven-en-senado-avalar-reforma-presidencial-para-defensa-de-la-soberania","status":"publish","type":"post","link":"https:\/\/zonaroja.com.mx\/?p=77762","title":{"rendered":"Prev\u00e9n en Senado avalar reforma presidencial para defensa de la soberan\u00eda\u00a0"},"content":{"rendered":"\n<p>Redacci\u00f3n\/Zona Roja Cdmx.<\/p>\n\n\n\n<p>Ciudad de M\u00e9xico, a 22 de febrero de 2025.- La bancada de Morena priorizar\u00e1 la iniciativa de reforma constitucional a los art\u00edculos 19 y 40, con el objetivo de fortalecer la soberan\u00eda nacional y establecer un marco para todo acuerdo de colaboraci\u00f3n en materia de seguridad con Estados Unidos y otros pa\u00edses, inform\u00f3 el senador Antonino Morales Toledo.<\/p>\n\n\n\n<p>El legislador zapoteco dijo que, una vez que el Senado recibi\u00f3 ayer la iniciativa de la presidenta Sheinbaum, Morena impulsar\u00e1 que las comisiones sesionen la pr\u00f3xima semana, porque es necesario dictaminar y llevar al pleno cuanto antes, para que se cumpla con el circuito del Constituyente Permanente.<\/p>\n\n\n\n<p>Nino Morales mencion\u00f3 que la iniciativa recibida la tarde de ayer pone al centro de esta discusi\u00f3n la defensa inequ\u00edvoca de la soberan\u00eda, luego de que el gobierno estadounidense defini\u00f3 a los c\u00e1rteles del narcotr\u00e1fico como terroristas, lo que seg\u00fan su marco legal le permitir\u00eda acciones extraterritoriales.<\/p>\n\n\n\n<p>\u201cEn una decisi\u00f3n muy valiente de la presidenta Sheinbaum y aqu\u00ed estamos para respaldarla sin rodeos. Nos ha remitido esta iniciativa que deja claro que ya sea Estados Unidos o cualquier otro pa\u00eds, con M\u00e9xico puede haber colaboraci\u00f3n y coordinaci\u00f3n, pero nunca subordinaci\u00f3n o injerencismo\u201d, advirti\u00f3 el senador Morales Toledo.<\/p>\n\n\n\n<p>La iniciativa, record\u00f3, reforma los art\u00edculos 19 y 40, para establecer que se aplicar\u00e1 la prisi\u00f3n preventiva a quien cometa el delito de terrorismo, a\u00fan siendo extranjero.<\/p>\n\n\n\n<p>\u201cCon esta reforma se fortalece el combate al tr\u00e1fico il\u00edcito de armas y explosivos que, principalmente, provienen de Estados Unidos y se sanciona severamente a las personas extranjeras que atenten contra la seguridad nacional o presionen a la autoridad o a un particular, u obligar a \u00e9ste para que tome una determinaci\u00f3n\u00bb, dijo el senador oaxaque\u00f1o.<\/p>\n\n\n\n<p>Adem\u00e1s, continuando con la pol\u00edtica del expresidente Andr\u00e9s Manuel L\u00f3pez Obrador de limitar y supervisar la presencia de agentes extranjeros en actividades de investigaci\u00f3n, la iniciativa de la presidenta Sheinbaum impedir\u00e1 que se repitan operativos como \u201cR\u00e1pido y Furioso\u201d.<\/p>\n\n\n\n<p>\u201cNo se consentir\u00e1 actividades de investigaci\u00f3n, persecuci\u00f3n y detenci\u00f3n de presuntos delincuentes sin la autorizaci\u00f3n y colaboraci\u00f3n expresa del Estado Mexicano, en el marco de las leyes aplicables\u201d, se\u00f1al\u00f3 Nino Morales.<\/p>\n\n\n\n<p>El legislador zapoteco record\u00f3 que el pueblo de M\u00e9xico est\u00e1 presto a defender su soberan\u00eda en cualquier momento y critic\u00f3 a la oposici\u00f3n por solicitar la intervenci\u00f3n extranjera, incluso de car\u00e1cter militar, en territorio nacional, \u201cesta postura es llanamente una traici\u00f3n a la patria y podr\u00edan estar en el supuesto del art\u00edculo 123 del C\u00f3digo Penal Federal que tipifica y sanciona esta conducta\u201d.<\/p>\n","protected":false},"excerpt":{"rendered":"<p>Redacci\u00f3n\/Zona Roja Cdmx. Ciudad de M\u00e9xico, a 22 de febrero de 2025.- La bancada de&hellip;<\/p>\n","protected":false},"author":2,"featured_media":76106,"comment_status":"closed","ping_status":"open","sticky":false,"template":"","format":"standard","meta":{"_lmt_disableupdate":"","_lmt_disable":"","_jetpack_memberships_contains_paid_content":false,"footnotes":""},"categories":[109,46],"tags":[180],"class_list":["post-77762","post","type-post","status-publish","format-standard","has-post-thumbnail","hentry","category-minuto-a-minuto","category-zona-blanca","tag-antonino-morales-toledo"],"jetpack_featured_media_url":"https:\/\/zonaroja.com.mx\/wp-content\/uploads\/2025\/01\/Antonino-Morales-Senado.jpg","jetpack_sharing_enabled":true,"_links":{"self":[{"href":"https:\/\/zonaroja.com.mx\/index.php?rest_route=\/wp\/v2\/posts\/77762","targetHints":{"allow":["GET"]}}],"collection":[{"href":"https:\/\/zonaroja.com.mx\/index.php?rest_route=\/wp\/v2\/posts"}],"about":[{"href":"https:\/\/zonaroja.com.mx\/index.php?rest_route=\/wp\/v2\/types\/post"}],"author":[{"embeddable":true,"href":"https:\/\/zonaroja.com.mx\/index.php?rest_route=\/wp\/v2\/users\/2"}],"replies":[{"embeddable":true,"href":"https:\/\/zonaroja.com.mx\/index.php?rest_route=%2Fwp%2Fv2%2Fcomments&post=77762"}],"version-history":[{"count":1,"href":"https:\/\/zonaroja.com.mx\/index.php?rest_route=\/wp\/v2\/posts\/77762\/revisions"}],"predecessor-version":[{"id":77763,"href":"https:\/\/zonaroja.com.mx\/index.php?rest_route=\/wp\/v2\/posts\/77762\/revisions\/77763"}],"wp:featuredmedia":[{"embeddable":true,"href":"https:\/\/zonaroja.com.mx\/index.php?rest_route=\/wp\/v2\/media\/76106"}],"wp:attachment":[{"href":"https:\/\/zonaroja.com.mx\/index.php?rest_route=%2Fwp%2Fv2%2Fmedia&parent=77762"}],"wp:term":[{"taxonomy":"category","embeddable":true,"href":"https:\/\/zonaroja.com.mx\/index.php?rest_route=%2Fwp%2Fv2%2Fcategories&post=77762"},{"taxonomy":"post_tag","embeddable":true,"href":"https:\/\/zonaroja.com.mx\/index.php?rest_route=%2Fwp%2Fv2%2Ftags&post=77762"}],"curies":[{"name":"wp","href":"https:\/\/api.w.org\/{rel}","templated":true}]}}