{"id":77764,"date":"2025-02-22T10:14:00","date_gmt":"2025-02-22T16:14:00","guid":{"rendered":"https:\/\/zonaroja.com.mx\/?p=77764"},"modified":"2025-02-22T06:16:30","modified_gmt":"2025-02-22T12:16:30","slug":"en-slp-logra-victima-dejar-fuera-de-eleccion-judicial-a-un-ex-policia","status":"publish","type":"post","link":"https:\/\/zonaroja.com.mx\/?p=77764","title":{"rendered":"En SLP, logra v\u00edctima dejar fuera de elecci\u00f3n judicial a un ex polic\u00eda"},"content":{"rendered":"\n<p>Redacci\u00f3n\/Zona Roja Cdmx.<\/p>\n\n\n\n<p>Ciudad de M\u00e9xico, a 22 de febrero de 2025.- El Congreso de San Luis Potos\u00ed elimin\u00f3 de la lista de aspirantes a la elecci\u00f3n del Poder Judicial al expolic\u00eda Sabas Santiago Ipi\u00f1a Ram\u00edrez, luego de la denuncia de la activista Rosalinda \u00c1valos, quien lo acusa de estar vinculado al asesinato de sus hijos, Carlos y Daniela, en 2020.<\/p>\n\n\n\n<p>\u00c1valos irrumpi\u00f3 en el Congreso de San Luis Potos\u00ed el pasado 12 de febrero, durante la sesi\u00f3n de insaculaci\u00f3n de candidaturas, para levantar la voz en contra de Ipi\u00f1a Ram\u00edrez, a quien se\u00f1ala de tener nexos con el crimen organizado.<\/p>\n\n\n\n<p>La tambi\u00e9n exagente de la polic\u00eda de investigaci\u00f3n asegur\u00f3 que Ipi\u00f1a Ram\u00edrez aspiraba a un cargo judicial para manipular los procesos vinculados a los homicidios de sus hijos, a quienes, afirma, mataron en represalia por su trabajo como investigadora.<\/p>\n\n\n\n<p>\u201cTengo datos, pruebas de que \u00e9l pertenece al C\u00e1rtel de la Ministerial, por eso mataron a mis hijos (&#8230;) \u00e9l est\u00e1 ah\u00ed y por eso quiere entrar, para poder manipular el proceso y dejar en libertad a los que mataron a mis hijos. Esto no puede quedar impune\u201d, exigi\u00f3 ante medios.<\/p>\n\n\n\n<p>LA AGRESI\u00d3N<\/p>\n\n\n\n<p>De acuerdo con el relato de Rosalinda, el 11 de noviembre del 2020, varios hombres entraron a su casa y dispararon directo contra sus tres hijos, hiriendo de muerte a Carlos, de 20 a\u00f1os, quien estudiaba gastronom\u00eda, y a Daniela, de 18 a\u00f1os, quien era estudiante de arquitectura. Solo su hija mayor sobrevivi\u00f3 con un disparo en el brazo.<\/p>\n\n\n\n<p>La activista cont\u00f3 que aquella ma\u00f1ana sali\u00f3 temprano a trabajar y, por la tarde, recibi\u00f3 una llamada de su hija, quien, con desesperaci\u00f3n, le dijo: \u201cMami, nos dispararon\u201d.<\/p>\n\n\n\n<p>\u201cCuando llegu\u00e9 encontr\u00e9 a mis hijos muertos, Carlos (con) siete balazos en la cabeza, seis balazos mi ni\u00f1a, y mi otra ni\u00f1a qued\u00f3 con una lesi\u00f3n en el brazo\u201d, relat\u00f3.<\/p>\n\n\n\n<p>\u00c1valos, quien trabaj\u00f3 durante m\u00e1s de 25 a\u00f1os como polic\u00eda investigadora dentro de la Fiscal\u00eda de San Luis Potos\u00ed, asegura que el ataque ocurri\u00f3 luego de que descubriera una red delictiva compuesta por varios polic\u00edas que colaboraban con el crimen organizado.<\/p>\n\n\n\n<p>Sobre dicha red, a la cual se refiere como el \u2018C\u00e1rtel Ministerial\u2019, detalla que cuatro de sus colegas estaban implicados, a quienes se\u00f1al\u00f3 de manipulaci\u00f3n indebida en casos de robo de veh\u00edculos y asaltos.<\/p>\n\n\n\n<p>Indic\u00f3 que, aunque intent\u00f3 hacer llegar el caso a sus jefes, su denuncia no fue escuchada y, por el contrario, comenz\u00f3 a recibir amenazas dirigidas tanto a ella como a sus hijos.<\/p>\n\n\n\n<p>\u201cLlegaron hasta mi domicilio, \u00bfqui\u00e9n les dijo d\u00f3nde yo viv\u00eda? Pues los mismos polic\u00edas, \u00e9l (Sabas Santiago). Por hacer mi trabajo me mataron a mis hijos\u201c, manifest\u00f3 en la sesi\u00f3n del Congreso.<\/p>\n\n\n\n<p>Seg\u00fan las investigaciones, fueron dos polic\u00edas ministeriales los que revelaron la ubicaci\u00f3n del domicilio de Rosalinda, mientras que dos hombres en motocicleta vigilaban la casa durante el ataque armado.<\/p>\n\n\n\n<p>QUEDA FUERA<\/p>\n\n\n\n<p>Tras darse a conocer que Ipi\u00f1a Ram\u00edrez aparec\u00eda en dos listas de aspirantes de la elecci\u00f3n judicial, Rosalinda impugn\u00f3 su elecci\u00f3n ante el Consejo Estatal Electoral y de Participaci\u00f3n Ciudadana (Ceepac).<\/p>\n\n\n\n<p>Finalmente y tras varias denuncias, la Junta de Coordinaci\u00f3n Pol\u00edtica del Congreso de San Luis Potos\u00ed retir\u00f3 a Sabas Santiago de la lista de candidatos al Poder Judicial.<\/p>\n\n\n\n<p>Rosalinda se\u00f1al\u00f3 que, independientemente de sus acusaciones, el expolic\u00eda no cumpl\u00eda con el requisito de haber litigado por cinco a\u00f1os, pues se incapacit\u00f3 por una lesi\u00f3n y se pension\u00f3 de la polic\u00eda de investigaci\u00f3n en 2021.<\/p>\n\n\n\n<p>(Informaci\u00f3n de \u201cEl Financiero\u201d)<\/p>\n","protected":false},"excerpt":{"rendered":"<p>Redacci\u00f3n\/Zona Roja Cdmx. Ciudad de M\u00e9xico, a 22 de febrero de 2025.- El Congreso de&hellip;<\/p>\n","protected":false},"author":2,"featured_media":77765,"comment_status":"closed","ping_status":"open","sticky":false,"template":"","format":"standard","meta":{"_lmt_disableupdate":"","_lmt_disable":"","_jetpack_memberships_contains_paid_content":false,"footnotes":""},"categories":[109,47],"tags":[4226],"class_list":["post-77764","post","type-post","status-publish","format-standard","has-post-thumbnail","hentry","category-minuto-a-minuto","category-zona-gris","tag-rosalinda-avalos"],"jetpack_featured_media_url":"https:\/\/zonaroja.com.mx\/wp-content\/uploads\/2025\/02\/Rosalinda-Avalos-eleccion-San-Luis-Potosi.jpg.avif","jetpack_sharing_enabled":true,"_links":{"self":[{"href":"https:\/\/zonaroja.com.mx\/index.php?rest_route=\/wp\/v2\/posts\/77764","targetHints":{"allow":["GET"]}}],"collection":[{"href":"https:\/\/zonaroja.com.mx\/index.php?rest_route=\/wp\/v2\/posts"}],"about":[{"href":"https:\/\/zonaroja.com.mx\/index.php?rest_route=\/wp\/v2\/types\/post"}],"author":[{"embeddable":true,"href":"https:\/\/zonaroja.com.mx\/index.php?rest_route=\/wp\/v2\/users\/2"}],"replies":[{"embeddable":true,"href":"https:\/\/zonaroja.com.mx\/index.php?rest_route=%2Fwp%2Fv2%2Fcomments&post=77764"}],"version-history":[{"count":1,"href":"https:\/\/zonaroja.com.mx\/index.php?rest_route=\/wp\/v2\/posts\/77764\/revisions"}],"predecessor-version":[{"id":77766,"href":"https:\/\/zonaroja.com.mx\/index.php?rest_route=\/wp\/v2\/posts\/77764\/revisions\/77766"}],"wp:featuredmedia":[{"embeddable":true,"href":"https:\/\/zonaroja.com.mx\/index.php?rest_route=\/wp\/v2\/media\/77765"}],"wp:attachment":[{"href":"https:\/\/zonaroja.com.mx\/index.php?rest_route=%2Fwp%2Fv2%2Fmedia&parent=77764"}],"wp:term":[{"taxonomy":"category","embeddable":true,"href":"https:\/\/zonaroja.com.mx\/index.php?rest_route=%2Fwp%2Fv2%2Fcategories&post=77764"},{"taxonomy":"post_tag","embeddable":true,"href":"https:\/\/zonaroja.com.mx\/index.php?rest_route=%2Fwp%2Fv2%2Ftags&post=77764"}],"curies":[{"name":"wp","href":"https:\/\/api.w.org\/{rel}","templated":true}]}}