{"id":7777,"date":"2020-01-17T18:39:23","date_gmt":"2020-01-18T00:39:23","guid":{"rendered":"http:\/\/www.zonaroja.com.mx\/?p=7777"},"modified":"2020-01-17T18:42:11","modified_gmt":"2020-01-18T00:42:11","slug":"con-porros-steuabjo-desquicia-la-capital-y-exige-dinero-a-la-uabjo","status":"publish","type":"post","link":"https:\/\/zonaroja.com.mx\/?p=7777","title":{"rendered":"Con \u201cporros\u201d, STEUABJO desquicia la capital y exige dinero a la UABJO"},"content":{"rendered":"\n<p>Yuridiana\nSosa\/Zona Roja.<\/p>\n\n\n\n<p>Oaxaca de\nJu\u00e1rez, Oax., 17 de enero de 2020.- El rango jer\u00e1rquico de los l\u00edderes porriles\nen la Universidad Aut\u00f3noma \u201cBenito Ju\u00e1rez\u201d de Oaxaca (UABJO) subi\u00f3, pues ahora\nno s\u00f3lo dirigen los grupos encargados de los desmanes, sino tambi\u00e9n tienen\ncargos sindicales y funciones dentro de la m\u00e1xima casa de estudios de la entidad.<\/p>\n\n\n\n<p>La lucha\nsindical del STEUABJO este a\u00f1o se destaca por la abierta participaci\u00f3n de\nFrancisco Vel\u00e1squez Rodr\u00edguez, alias \u201cEl Sonrics\u201d, y de Julio Mora, l\u00edder de\ngrupos porriles que en la dirigencia actual de este sindicato tiene el cargo de\npresidente del Comit\u00e9 de Huelga y Secretario de Organizaci\u00f3n, respectivamente.<\/p>\n\n\n\n<p>Vel\u00e1squez Rodr\u00edguez, adem\u00e1s, es coordinador de \u00e1rea de la Facultad de Derecho, pero que desde hace varios a\u00f1os se ha destacado como el principal l\u00edder de los \u201cporros\u201d en la UABJO, e incluso, presuntamente es financiado por el ex rector, Eduardo Mart\u00ednez Helmes.<\/p>\n\n\n\n<figure class=\"wp-block-embed-twitter wp-block-embed is-type-rich is-provider-twitter\"><div class=\"wp-block-embed__wrapper\">\n<div class=\"twitter-tweet\"><blockquote class=\"twitter-tweet\" data-lang=\"es\"><p lang=\"es\" dir=\"ltr\"><a href=\"https:\/\/twitter.com\/hashtag\/OaxacaGris?src=hash&amp;ref_src=twsrc%5Etfw\">#OaxacaGris<\/a><br>De nueva cuenta y con el uso de \u201cporros\u201d encabezados por Francisco Vel\u00e1squez (\u201cEl Sonrics\u201d) y Julio Mora, el STEUABJO se apodera de camiones de pasajeros y cierra varios cruceros viales de la ciudad capital, para insistir en la revisi\u00f3n contractual y salarial. <a href=\"https:\/\/t.co\/mv6cvC1RaB\">pic.twitter.com\/mv6cvC1RaB<\/a><\/p>&mdash; Zona Roja Oaxaca (@MexRoja) <a href=\"https:\/\/twitter.com\/MexRoja\/status\/1218254619362701313?ref_src=twsrc%5Etfw\">17 de enero de 2020<\/a><\/blockquote><\/div>\n<\/div><\/figure>\n\n\n\n<p>\u201cEl Sonrics\u201d\nes el fundador del Frente de Estudiantes, Catedr\u00e1ticos y Administrativos de la\nUniversidad Aut\u00f3noma \u201cBenito Ju\u00e1rez\u201d de Oaxaca (FECA-UABJO) como un medio para\nextorsionar o vender espacios acad\u00e9micos en la instituci\u00f3n.<\/p>\n\n\n\n<p>Durante esta\nsemana, el Sindicato de Trabajadores y Empelados se moviliza para exigir a la\nUABJO el cumplimiento a su pliego de peticiones, la cual ha llegado a violentar\na la ciudadan\u00eda por medio del uso de grupos de porros.<\/p>\n\n\n\n<p>Entre las\nprincipales acciones violentas que protagonizaron fue la \u201ctoma\u201d de autobuses\ndel transporte urbano, que ocasion\u00f3 temor entre la poblaci\u00f3n afectada.<\/p>\n\n\n\n<p>Este viernes\nlas movilizaciones contin\u00faan en la capital del estado, donde instalaron cinco\nbloqueos.<\/p>\n\n\n\n<p>La\ncirculaci\u00f3n se interrumpi\u00f3 en el crucero de Cinco Se\u00f1ores, Avenida Universidad,\nPerif\u00e9rico y en el Centro Hist\u00f3rico sobre las calles de Armenta y L\u00f3pez con\navenida Independencia y en la calle de Cinco de Mayo.<\/p>\n\n\n\n<p>Pese a que la UABJO declar\u00f3 el pasado mi\u00e9rcoles que no cuenta con recursos financieros ni para pagar la n\u00f3mina de la quincena, los trabajadores insisten en exigir prestaciones millonarias a la Universidad.<\/p>\n\n\n\n<figure class=\"wp-block-embed-twitter wp-block-embed is-type-rich is-provider-twitter\"><div class=\"wp-block-embed__wrapper\">\n<div class=\"twitter-tweet\"><blockquote class=\"twitter-tweet\" data-lang=\"es\"><p lang=\"es\" dir=\"ltr\">El STEUABJO pidi\u00f3 hoy en al gobernador <a href=\"https:\/\/twitter.com\/alejandromurat?ref_src=twsrc%5Etfw\">@alejandromurat<\/a> y al Presidente <a href=\"https:\/\/twitter.com\/lopezobrador_?ref_src=twsrc%5Etfw\">@lopezobrador_<\/a> agilizar la liberaci\u00f3n de recursos a la UABJO para cobrar su quincena. <br>En la conferencia estuvo un conocido \u201cporro\u201d universitario, Francisco Vel\u00e1squez, \u201cEl Sonrics\u201d, del Comit\u00e9 de Huelga. <a href=\"https:\/\/t.co\/JMhizVkWuL\">pic.twitter.com\/JMhizVkWuL<\/a><\/p>&mdash; Zona Roja Oaxaca (@MexRoja) <a href=\"https:\/\/twitter.com\/MexRoja\/status\/1217918799632052237?ref_src=twsrc%5Etfw\">16 de enero de 2020<\/a><\/blockquote><\/div>\n<\/div><\/figure>\n","protected":false},"excerpt":{"rendered":"<p>Yuridiana Sosa\/Zona Roja. Oaxaca de Ju\u00e1rez, Oax., 17 de enero de 2020.- El rango jer\u00e1rquico&hellip;<\/p>\n","protected":false},"author":2,"featured_media":7779,"comment_status":"closed","ping_status":"open","sticky":false,"template":"","format":"standard","meta":{"_lmt_disableupdate":"","_lmt_disable":"","_jetpack_memberships_contains_paid_content":false,"footnotes":""},"categories":[109,47],"tags":[1290,1286],"class_list":["post-7777","post","type-post","status-publish","format-standard","has-post-thumbnail","hentry","category-minuto-a-minuto","category-zona-gris","tag-francisco-velasquez-sonrics","tag-sindicato-de-trabajadores-y-empleados-de-la-uabjo-steuabjo"],"jetpack_featured_media_url":"https:\/\/zonaroja.com.mx\/wp-content\/uploads\/2020\/01\/Francisco-Vel\u00e1squez-Sonrics.jpg","jetpack_sharing_enabled":true,"_links":{"self":[{"href":"https:\/\/zonaroja.com.mx\/index.php?rest_route=\/wp\/v2\/posts\/7777","targetHints":{"allow":["GET"]}}],"collection":[{"href":"https:\/\/zonaroja.com.mx\/index.php?rest_route=\/wp\/v2\/posts"}],"about":[{"href":"https:\/\/zonaroja.com.mx\/index.php?rest_route=\/wp\/v2\/types\/post"}],"author":[{"embeddable":true,"href":"https:\/\/zonaroja.com.mx\/index.php?rest_route=\/wp\/v2\/users\/2"}],"replies":[{"embeddable":true,"href":"https:\/\/zonaroja.com.mx\/index.php?rest_route=%2Fwp%2Fv2%2Fcomments&post=7777"}],"version-history":[{"count":1,"href":"https:\/\/zonaroja.com.mx\/index.php?rest_route=\/wp\/v2\/posts\/7777\/revisions"}],"predecessor-version":[{"id":7778,"href":"https:\/\/zonaroja.com.mx\/index.php?rest_route=\/wp\/v2\/posts\/7777\/revisions\/7778"}],"wp:featuredmedia":[{"embeddable":true,"href":"https:\/\/zonaroja.com.mx\/index.php?rest_route=\/wp\/v2\/media\/7779"}],"wp:attachment":[{"href":"https:\/\/zonaroja.com.mx\/index.php?rest_route=%2Fwp%2Fv2%2Fmedia&parent=7777"}],"wp:term":[{"taxonomy":"category","embeddable":true,"href":"https:\/\/zonaroja.com.mx\/index.php?rest_route=%2Fwp%2Fv2%2Fcategories&post=7777"},{"taxonomy":"post_tag","embeddable":true,"href":"https:\/\/zonaroja.com.mx\/index.php?rest_route=%2Fwp%2Fv2%2Ftags&post=7777"}],"curies":[{"name":"wp","href":"https:\/\/api.w.org\/{rel}","templated":true}]}}