{"id":77776,"date":"2025-02-22T13:10:00","date_gmt":"2025-02-22T19:10:00","guid":{"rendered":"https:\/\/zonaroja.com.mx\/?p=77776"},"modified":"2025-02-22T07:12:02","modified_gmt":"2025-02-22T13:12:02","slug":"registra-region-de-la-costa-baja-en-incidencia-delictiva-fiscalia","status":"publish","type":"post","link":"https:\/\/zonaroja.com.mx\/?p=77776","title":{"rendered":"Registra regi\u00f3n de la Costa baja en incidencia delictiva: Fiscal\u00eda"},"content":{"rendered":"\n<p>Redacci\u00f3n\/Zona Roja.<\/p>\n\n\n\n<p>Oaxaca de Ju\u00e1rez, Oax.&nbsp; a 22 de febrero de 2025.- Al participar en la conferencia matutina del Gobierno del Estado, la cual fue realizada en Santiago Pinotepa Nacional, el Fiscal de Oaxaca Bernardo Rodr\u00edguez Alamilla resalt\u00f3 que, en la regi\u00f3n de la Costa se ha logrado una disminuci\u00f3n en la incidencia de delitos de alto impacto, derivado de los trabajos de seguridad y procuraci\u00f3n de justicia que ha realizado la instituci\u00f3n en coordinaci\u00f3n con la Secretar\u00eda de Marina, Secretar\u00eda de la Defensa Nacional y la Secretar\u00eda de Seguridad y Protecci\u00f3n Ciudadana.<\/p>\n\n\n\n<p>Durante la conferencia encabezada por el Gobernador Salom\u00f3n Jara, en la que estuvieron presentes autoridades municipales de la regi\u00f3n de la Costa, el Fiscal General Bernardo Rodr\u00edguez Alamilla puntualiz\u00f3 que la coordinaci\u00f3n regional n\u00famero 12 est\u00e1 integrada por 28 municipios,&nbsp; entre los que presentan mayor incidencia delictiva est\u00e1 Santiago Pinotepa Nacional que concentra el 51.7% de los delitos, seguido por Santiago Jamiltepec, Santa Mar\u00eda Huazolotitl\u00e1n, San Juan Cacahuatepec y San Pedro Jicay\u00e1n.<\/p>\n\n\n\n<p>Asimismo, revel\u00f3 que en la zona hay una tendencia a la baja respecto al n\u00famero de carpetas de investigaci\u00f3n iniciadas, pues hay una disminuci\u00f3n del 29.9% en el mes de enero respecto al mismo periodo, pero de 2024, y expuso que los delitos m\u00e1s recurrentes en la regi\u00f3n son violencia familiar, amenazas, lesiones, homicidio doloso y da\u00f1o a la propiedad.<\/p>\n\n\n\n<p>El titular de la Fiscal\u00eda General del Estado de Oaxaca detall\u00f3 que respecto a los delitos de alto impacto en la regi\u00f3n se ha buscado intervenir en forma coordinada con las autoridades de los tres niveles de gobierno, particularmente se busca impactar con mayor efectividad en el delito de homicidio doloso, acciones efectivas por las que en el mes de febrero hay una disminuci\u00f3n importante con respecto al mes anterior.<\/p>\n\n\n\n<p>Sobre las causas de la incidencia respecto a los delitos de alto impacto en la regi\u00f3n, el Fiscal de Oaxaca Bernardo Rodr\u00edguez Alamilla explic\u00f3 que los delitos detonadores de violencia en la regi\u00f3n son homicidio doloso, lesiones dolosas y narcomenudeo, los cuales tienen una tendencia a la baja que se hace m\u00e1s evidente en el mes de enero y en el mes de febrero, trabajos que reflejan la efectividad de la estrategia implementada en municipios de atenci\u00f3n prioritaria.<\/p>\n\n\n\n<p>Finalmente, a\u00f1adi\u00f3 que, en temas de incidencia delictiva en general hay una disminuci\u00f3n del m\u00e1s del 11%, en delitos de alto impacto el porcentaje superior a los 20 puntos, resultado de las acciones coordinadas que emanan de la implementaci\u00f3n de una estrategia de atenci\u00f3n integral en las comunidades de la Costa, acciones de fortalecimiento de los municipios, especialmente en la zona lim\u00edtrofe.<\/p>\n","protected":false},"excerpt":{"rendered":"<p>Redacci\u00f3n\/Zona Roja. Oaxaca de Ju\u00e1rez, Oax.&nbsp; a 22 de febrero de 2025.- Al participar en&hellip;<\/p>\n","protected":false},"author":2,"featured_media":77777,"comment_status":"closed","ping_status":"open","sticky":false,"template":"","format":"standard","meta":{"_lmt_disableupdate":"","_lmt_disable":"","_jetpack_memberships_contains_paid_content":false,"footnotes":""},"categories":[109,46],"tags":[494],"class_list":["post-77776","post","type-post","status-publish","format-standard","has-post-thumbnail","hentry","category-minuto-a-minuto","category-zona-blanca","tag-fiscalia-general-del-estado-de-oaxaca"],"jetpack_featured_media_url":"https:\/\/zonaroja.com.mx\/wp-content\/uploads\/2025\/02\/Fiscalia-General-fiscal-Bernardo-Rodriguez-Alamilla.jpg","jetpack_sharing_enabled":true,"_links":{"self":[{"href":"https:\/\/zonaroja.com.mx\/index.php?rest_route=\/wp\/v2\/posts\/77776","targetHints":{"allow":["GET"]}}],"collection":[{"href":"https:\/\/zonaroja.com.mx\/index.php?rest_route=\/wp\/v2\/posts"}],"about":[{"href":"https:\/\/zonaroja.com.mx\/index.php?rest_route=\/wp\/v2\/types\/post"}],"author":[{"embeddable":true,"href":"https:\/\/zonaroja.com.mx\/index.php?rest_route=\/wp\/v2\/users\/2"}],"replies":[{"embeddable":true,"href":"https:\/\/zonaroja.com.mx\/index.php?rest_route=%2Fwp%2Fv2%2Fcomments&post=77776"}],"version-history":[{"count":1,"href":"https:\/\/zonaroja.com.mx\/index.php?rest_route=\/wp\/v2\/posts\/77776\/revisions"}],"predecessor-version":[{"id":77778,"href":"https:\/\/zonaroja.com.mx\/index.php?rest_route=\/wp\/v2\/posts\/77776\/revisions\/77778"}],"wp:featuredmedia":[{"embeddable":true,"href":"https:\/\/zonaroja.com.mx\/index.php?rest_route=\/wp\/v2\/media\/77777"}],"wp:attachment":[{"href":"https:\/\/zonaroja.com.mx\/index.php?rest_route=%2Fwp%2Fv2%2Fmedia&parent=77776"}],"wp:term":[{"taxonomy":"category","embeddable":true,"href":"https:\/\/zonaroja.com.mx\/index.php?rest_route=%2Fwp%2Fv2%2Fcategories&post=77776"},{"taxonomy":"post_tag","embeddable":true,"href":"https:\/\/zonaroja.com.mx\/index.php?rest_route=%2Fwp%2Fv2%2Ftags&post=77776"}],"curies":[{"name":"wp","href":"https:\/\/api.w.org\/{rel}","templated":true}]}}