{"id":77786,"date":"2025-02-23T08:30:00","date_gmt":"2025-02-23T14:30:00","guid":{"rendered":"https:\/\/zonaroja.com.mx\/?p=77786"},"modified":"2025-02-23T06:22:37","modified_gmt":"2025-02-23T12:22:37","slug":"registran-asesinatos-zanatepec-y-pinotepa-un-baleado-en-juchitan","status":"publish","type":"post","link":"https:\/\/zonaroja.com.mx\/?p=77786","title":{"rendered":"Registran asesinatos Zanatepec y Pinotepa; un baleado en Juchit\u00e1n"},"content":{"rendered":"\n<p>Raymundo Morales\/Zona Roja.<\/p>\n\n\n\n<p>Oaxaca de Ju\u00e1rez, Oax., a 23 de febrero de 2025.- Una persona del sexo masculino fue asesinada anoche en Santo Domingo Zanatepec, municipio de la regi\u00f3n del Istmo.<\/p>\n\n\n\n<p>El crimen se perpetro frente al palacio municipal, pese a lo cual los polic\u00edas municipales no se movilizaron de manera inmediata para detener a los agresores.<\/p>\n\n\n\n<p>Seg\u00fan los primeros reportes policiacos, la v\u00edctima, identificada como \u00d3scar T. Q., circulaba a bordo de su veh\u00edculo particular, cuando fue interceptado por varios sujetos armados que lo acribillaron, tras lo cual se dieron a la fuga.<\/p>\n\n\n\n<p>Otro crimen se registr\u00f3 ayer s\u00e1bado en la comunidad de Corralero, perteneciente al municipio de Santiago Pinotepa Nacional, en la regi\u00f3n de la Costa.<\/p>\n\n\n\n<p>En este caso hasta ahora no se ha establecido la identidad de la v\u00edctima y los hechos se registraron durante una pelea de gallos, al parecer clandestina.<\/p>\n\n\n\n<p>Mientras que anoche en Juchit\u00e1n de Zaragoza, durante una fiesta que se realizaba en la calle Valent\u00edn G\u00f3mez Far\u00edas de la Octava Secci\u00f3n, un individuo fue agredido a balazos.<\/p>\n\n\n\n<p>Se trata de un trabajador de la empresa de alquileres y fue identificado como Rub\u00e9n L. S., de 29 a\u00f1os de edad, quien fue trasladado a un hospital.<\/p>\n\n\n\n<p>Supuestamente el agresor fue un individuo que arrib\u00f3 a bordo de una motocicleta y efectu\u00f3 disparos, tras lo cual huy\u00f3; los polic\u00edas municipales s\u00f3lo llegaron despu\u00e9s del ataque, para acordonar el \u00e1rea.<\/p>\n","protected":false},"excerpt":{"rendered":"<p>Raymundo Morales\/Zona Roja. Oaxaca de Ju\u00e1rez, Oax., a 23 de febrero de 2025.- Una persona&hellip;<\/p>\n","protected":false},"author":2,"featured_media":74062,"comment_status":"closed","ping_status":"open","sticky":false,"template":"","format":"standard","meta":{"_lmt_disableupdate":"","_lmt_disable":"","_jetpack_memberships_contains_paid_content":false,"footnotes":""},"categories":[109,51],"tags":[809],"class_list":["post-77786","post","type-post","status-publish","format-standard","has-post-thumbnail","hentry","category-minuto-a-minuto","category-zona-roja","tag-santo-domingo-zanatepec"],"jetpack_featured_media_url":"https:\/\/zonaroja.com.mx\/wp-content\/uploads\/2024\/11\/Escena-del-crimen-1.jpg","jetpack_sharing_enabled":true,"_links":{"self":[{"href":"https:\/\/zonaroja.com.mx\/index.php?rest_route=\/wp\/v2\/posts\/77786","targetHints":{"allow":["GET"]}}],"collection":[{"href":"https:\/\/zonaroja.com.mx\/index.php?rest_route=\/wp\/v2\/posts"}],"about":[{"href":"https:\/\/zonaroja.com.mx\/index.php?rest_route=\/wp\/v2\/types\/post"}],"author":[{"embeddable":true,"href":"https:\/\/zonaroja.com.mx\/index.php?rest_route=\/wp\/v2\/users\/2"}],"replies":[{"embeddable":true,"href":"https:\/\/zonaroja.com.mx\/index.php?rest_route=%2Fwp%2Fv2%2Fcomments&post=77786"}],"version-history":[{"count":1,"href":"https:\/\/zonaroja.com.mx\/index.php?rest_route=\/wp\/v2\/posts\/77786\/revisions"}],"predecessor-version":[{"id":77787,"href":"https:\/\/zonaroja.com.mx\/index.php?rest_route=\/wp\/v2\/posts\/77786\/revisions\/77787"}],"wp:featuredmedia":[{"embeddable":true,"href":"https:\/\/zonaroja.com.mx\/index.php?rest_route=\/wp\/v2\/media\/74062"}],"wp:attachment":[{"href":"https:\/\/zonaroja.com.mx\/index.php?rest_route=%2Fwp%2Fv2%2Fmedia&parent=77786"}],"wp:term":[{"taxonomy":"category","embeddable":true,"href":"https:\/\/zonaroja.com.mx\/index.php?rest_route=%2Fwp%2Fv2%2Fcategories&post=77786"},{"taxonomy":"post_tag","embeddable":true,"href":"https:\/\/zonaroja.com.mx\/index.php?rest_route=%2Fwp%2Fv2%2Ftags&post=77786"}],"curies":[{"name":"wp","href":"https:\/\/api.w.org\/{rel}","templated":true}]}}