{"id":77791,"date":"2025-02-23T10:30:00","date_gmt":"2025-02-23T16:30:00","guid":{"rendered":"https:\/\/zonaroja.com.mx\/?p=77791"},"modified":"2025-02-23T06:50:23","modified_gmt":"2025-02-23T12:50:23","slug":"registro-oaxaca-2700-delitos-en-el-primer-mes-del-ano-sesnsp","status":"publish","type":"post","link":"https:\/\/zonaroja.com.mx\/?p=77791","title":{"rendered":"Registr\u00f3 Oaxaca 2,700 delitos en el primer mes del a\u00f1o: SESNSP"},"content":{"rendered":"\n<p>Ismael Garc\u00eda M.\/Zona Roja.<\/p>\n\n\n\n<p>Oaxaca de Ju\u00e1rez, Oax., a 23 de febrero de 2024.- Oaxaca registr\u00f3 en el mes de enero dos mil 741 delitos, entre los cuales se encuentran 68 homicidios dolosos y 102 homicidios culposos.<\/p>\n\n\n\n<p>De acuerdo con datos del Secretariado Ejecutivo del Sistema Nacional de Seguridad P\u00fablica (SESNP), en el mes anterior, diciembre de 2024, se cometieron dos mil 776 delitos, de los cuales 63 fueron homicidios dolosos.<\/p>\n\n\n\n<p>Con respecto a los homicidios dolosos cometidos durante el pasado mes de enero, 60 de 68 de ellos fueron perpetrados con arma de fuego, tres con arma blanca y cinco con otro elemento.<\/p>\n\n\n\n<p>Tambi\u00e9n se tiene el registro de 366 lesiones, de las que 261 fueron del tipo doloso; de \u00e9stas, nueve fueron con arma de fuego, 18 con arma blanca y 218 con otro elemento.<\/p>\n\n\n\n<p>Mientras que con respecto a los feminicidios, el Secretariado Ejecutivo s\u00f3lo registra un caso; en cuanto a secuestro, la instituci\u00f3n federal contabiliza dos casos, del tipo extorsivo.<\/p>\n\n\n\n<p>En cuanto a los delitos contra la libertad y la seguridad sexual, durante enero pasado se cometieron 31 casos de abuso, 14 de acoso, dos de hostigamiento sexual, 20 de violaci\u00f3n simple y 20 de violaci\u00f3n equiparada.<\/p>\n\n\n\n<p>Entre otros datos, reporta 469 robos, de los cuales 65 fueron a casa habitaci\u00f3n, 189 de unidades de motor; en este \u00faltimo caso destacan el robo de 82 veh\u00edculos de cuatro ruedas y 107 de motocicletas.<\/p>\n","protected":false},"excerpt":{"rendered":"<p>Ismael Garc\u00eda M.\/Zona Roja. Oaxaca de Ju\u00e1rez, Oax., a 23 de febrero de 2024.- Oaxaca&hellip;<\/p>\n","protected":false},"author":2,"featured_media":69742,"comment_status":"closed","ping_status":"open","sticky":false,"template":"","format":"standard","meta":{"_lmt_disableupdate":"","_lmt_disable":"","_jetpack_memberships_contains_paid_content":false,"footnotes":""},"categories":[109,47],"tags":[174],"class_list":["post-77791","post","type-post","status-publish","format-standard","has-post-thumbnail","hentry","category-minuto-a-minuto","category-zona-gris","tag-secretariado-ejecutivo-del-sistema-nacional-de-seguridad-publica"],"jetpack_featured_media_url":"https:\/\/zonaroja.com.mx\/wp-content\/uploads\/2024\/06\/Homicidio-doloso-arma-de-fuego-crimen-escena.avif","jetpack_sharing_enabled":true,"_links":{"self":[{"href":"https:\/\/zonaroja.com.mx\/index.php?rest_route=\/wp\/v2\/posts\/77791","targetHints":{"allow":["GET"]}}],"collection":[{"href":"https:\/\/zonaroja.com.mx\/index.php?rest_route=\/wp\/v2\/posts"}],"about":[{"href":"https:\/\/zonaroja.com.mx\/index.php?rest_route=\/wp\/v2\/types\/post"}],"author":[{"embeddable":true,"href":"https:\/\/zonaroja.com.mx\/index.php?rest_route=\/wp\/v2\/users\/2"}],"replies":[{"embeddable":true,"href":"https:\/\/zonaroja.com.mx\/index.php?rest_route=%2Fwp%2Fv2%2Fcomments&post=77791"}],"version-history":[{"count":1,"href":"https:\/\/zonaroja.com.mx\/index.php?rest_route=\/wp\/v2\/posts\/77791\/revisions"}],"predecessor-version":[{"id":77792,"href":"https:\/\/zonaroja.com.mx\/index.php?rest_route=\/wp\/v2\/posts\/77791\/revisions\/77792"}],"wp:featuredmedia":[{"embeddable":true,"href":"https:\/\/zonaroja.com.mx\/index.php?rest_route=\/wp\/v2\/media\/69742"}],"wp:attachment":[{"href":"https:\/\/zonaroja.com.mx\/index.php?rest_route=%2Fwp%2Fv2%2Fmedia&parent=77791"}],"wp:term":[{"taxonomy":"category","embeddable":true,"href":"https:\/\/zonaroja.com.mx\/index.php?rest_route=%2Fwp%2Fv2%2Fcategories&post=77791"},{"taxonomy":"post_tag","embeddable":true,"href":"https:\/\/zonaroja.com.mx\/index.php?rest_route=%2Fwp%2Fv2%2Ftags&post=77791"}],"curies":[{"name":"wp","href":"https:\/\/api.w.org\/{rel}","templated":true}]}}